{"id":456268,"date":"2025-10-12T00:48:33","date_gmt":"2025-10-12T00:48:33","guid":{"rendered":"https:\/\/www.europesays.com\/fr\/456268\/"},"modified":"2025-10-12T00:48:33","modified_gmt":"2025-10-12T00:48:33","slug":"loire-deja-en-prison-un-quinquagenaire-avoue-26-vols-par-ruse-a-saint-etienne-et-dans-londaine","status":"publish","type":"post","link":"https:\/\/www.europesays.com\/fr\/456268\/","title":{"rendered":"Loire. D\u00e9j\u00e0 en prison, un quinquag\u00e9naire avoue 26 vols par ruse \u00e0 Saint-\u00c9tienne et dans l\u2019Ondaine"},"content":{"rendered":"<p>C\u2019est une belle affaire que vient de r\u00e9soudre le groupe cambriolages du Service local de police judiciaire (SLPJ) de Saint-\u00c9tienne. Un individu de 58 ans vient de reconna\u00eetre 26 vols par ruse, essentiellement \u00e0 Saint-\u00c9tienne mais \u00e9galement au Chambon-Feugerolles et \u00e0 Saint-Genest-Lerpt.<\/p>\n<p>L\u2019homme, d\u00e9j\u00e0 connu de la justice, purge actuellement une peine de prison pour des faits similaires. Il a \u00e9t\u00e9 identifi\u00e9 apr\u00e8s un long travail\u00a0d\u2019investigation, notamment sur la vid\u00e9osurveillance.<\/p>\n<p>  Il sonnait chez des personnes \u00e2g\u00e9es ou vuln\u00e9rables<\/p>\n<p>Son mode op\u00e9ratoire\u00a0? Il sonnait chez des personnes \u00e2g\u00e9es ou vuln\u00e9rables, se faisait passer pour un livreur ou un artisan pour acc\u00e9der \u00e0 leur logement. Puis, une fois \u00e0 l\u2019int\u00e9rieur, il parvenait \u00e0 d\u00e9tourner l\u2019attention de ses victimes pour d\u00e9rober carte bancaire ou esp\u00e8ces.<\/p>\n<p>Entendu en prison, il a reconnu l\u2019int\u00e9gralit\u00e9 des faits, et sera donc \u00e0 nouveau jug\u00e9.<\/p>\n","protected":false},"excerpt":{"rendered":"C\u2019est une belle affaire que vient de r\u00e9soudre le groupe cambriolages du Service local de police judiciaire (SLPJ)&hellip;\n","protected":false},"author":2,"featured_media":456269,"comment_status":"","ping_status":"","sticky":false,"template":"","format":"standard","meta":{"footnotes":""},"categories":[9653],"tags":[1111,11,2430,271,272,7539,1777,674,274,1011,27,3367,12,25,4001,7538],"class_list":{"0":"post-456268","1":"post","2":"type-post","3":"status-publish","4":"format-standard","5":"has-post-thumbnail","7":"category-saint-etienne","8":"tag-actu","9":"tag-actualites","10":"tag-auvergne-rhone-alpes","11":"tag-crime","12":"tag-delit-et-contravention","13":"tag-edition-loire-sud","14":"tag-eu","15":"tag-europe","16":"tag-faits-divers-justice","17":"tag-fr","18":"tag-france","19":"tag-loire","20":"tag-news","21":"tag-republique-francaise","22":"tag-saint-etienne","23":"tag-saint-etienne-ville"},"share_on_mastodon":{"url":"https:\/\/pubeurope.com\/@fr\/115358446980661568","error":""},"_links":{"self":[{"href":"https:\/\/www.europesays.com\/fr\/wp-json\/wp\/v2\/posts\/456268","targetHints":{"allow":["GET"]}}],"collection":[{"href":"https:\/\/www.europesays.com\/fr\/wp-json\/wp\/v2\/posts"}],"about":[{"href":"https:\/\/www.europesays.com\/fr\/wp-json\/wp\/v2\/types\/post"}],"author":[{"embeddable":true,"href":"https:\/\/www.europesays.com\/fr\/wp-json\/wp\/v2\/users\/2"}],"replies":[{"embeddable":true,"href":"https:\/\/www.europesays.com\/fr\/wp-json\/wp\/v2\/comments?post=456268"}],"version-history":[{"count":0,"href":"https:\/\/www.europesays.com\/fr\/wp-json\/wp\/v2\/posts\/456268\/revisions"}],"wp:featuredmedia":[{"embeddable":true,"href":"https:\/\/www.europesays.com\/fr\/wp-json\/wp\/v2\/media\/456269"}],"wp:attachment":[{"href":"https:\/\/www.europesays.com\/fr\/wp-json\/wp\/v2\/media?parent=456268"}],"wp:term":[{"taxonomy":"category","embeddable":true,"href":"https:\/\/www.europesays.com\/fr\/wp-json\/wp\/v2\/categories?post=456268"},{"taxonomy":"post_tag","embeddable":true,"href":"https:\/\/www.europesays.com\/fr\/wp-json\/wp\/v2\/tags?post=456268"}],"curies":[{"name":"wp","href":"https:\/\/api.w.org\/{rel}","templated":true}]}}