{"id":456274,"date":"2025-10-12T00:51:27","date_gmt":"2025-10-12T00:51:27","guid":{"rendered":"https:\/\/www.europesays.com\/fr\/456274\/"},"modified":"2025-10-12T00:51:27","modified_gmt":"2025-10-12T00:51:27","slug":"basket-ball-betclic-elite-les-reactions-apres-boulazac","status":"publish","type":"post","link":"https:\/\/www.europesays.com\/fr\/456274\/","title":{"rendered":"Basket-ball (Betclic \u00c9lite)\u00a0: les r\u00e9actions apr\u00e8s Boulazac"},"content":{"rendered":"<p>\u00ab\u00a0On en est \u00e0 deux bons matches sur trois, ici \u00e0 Boulazac et contre Bourg-en-Bresse. Boulazac avait une euphorie. C\u2019\u00e9tait dans les matches potentiel \u00e0 gagner. On doit maintenant confirmer contre Limoges. Nous avons jou\u00e9 en \u00e9quipe. On sait qu\u2019on part d\u2019une feuille blanche, on commence \u00e0 trouver un vrai \u00e9quilibre.\u00a0\u00bb<\/p>\n<p>Ousman Krubally (int\u00e9rieur de Boulazac)<\/p>\n<p>\u00ab\u00a0Dure soir\u00e9e pour notre \u00e9quipe. Ils ont jou\u00e9 avec un sentiment d\u2019urgence. Ils ont \u00e9t\u00e9 plus physiques que nous, ils ont impos\u00e9 leur volont\u00e9. Ils ont dict\u00e9 le rythme du match. On doit se regrouper en tant qu\u2019\u00e9quipe, et chacun doit prendre ses responsabilit\u00e9s. On croit en nous, \u00e7a blesse, mais on sera meilleur.\u00a0\u00bb<\/p>\n<p>Alexandre M\u00e9nard (entra\u00eeneur de Boulazac)<\/p>\n","protected":false},"excerpt":{"rendered":"\u00ab\u00a0On en est \u00e0 deux bons matches sur trois, ici \u00e0 Boulazac et contre Bourg-en-Bresse. Boulazac avait une&hellip;\n","protected":false},"author":2,"featured_media":456275,"comment_status":"","ping_status":"","sticky":false,"template":"","format":"standard","meta":{"footnotes":""},"categories":[9635],"tags":[1111,11,1777,674,1011,27,775,1702,12,25],"class_list":{"0":"post-456274","1":"post","2":"type-post","3":"status-publish","4":"format-standard","5":"has-post-thumbnail","7":"category-nancy","8":"tag-actu","9":"tag-actualites","10":"tag-eu","11":"tag-europe","12":"tag-fr","13":"tag-france","14":"tag-grand-est","15":"tag-nancy","16":"tag-news","17":"tag-republique-francaise"},"share_on_mastodon":{"url":"https:\/\/pubeurope.com\/@fr\/115358458369128804","error":""},"_links":{"self":[{"href":"https:\/\/www.europesays.com\/fr\/wp-json\/wp\/v2\/posts\/456274","targetHints":{"allow":["GET"]}}],"collection":[{"href":"https:\/\/www.europesays.com\/fr\/wp-json\/wp\/v2\/posts"}],"about":[{"href":"https:\/\/www.europesays.com\/fr\/wp-json\/wp\/v2\/types\/post"}],"author":[{"embeddable":true,"href":"https:\/\/www.europesays.com\/fr\/wp-json\/wp\/v2\/users\/2"}],"replies":[{"embeddable":true,"href":"https:\/\/www.europesays.com\/fr\/wp-json\/wp\/v2\/comments?post=456274"}],"version-history":[{"count":0,"href":"https:\/\/www.europesays.com\/fr\/wp-json\/wp\/v2\/posts\/456274\/revisions"}],"wp:featuredmedia":[{"embeddable":true,"href":"https:\/\/www.europesays.com\/fr\/wp-json\/wp\/v2\/media\/456275"}],"wp:attachment":[{"href":"https:\/\/www.europesays.com\/fr\/wp-json\/wp\/v2\/media?parent=456274"}],"wp:term":[{"taxonomy":"category","embeddable":true,"href":"https:\/\/www.europesays.com\/fr\/wp-json\/wp\/v2\/categories?post=456274"},{"taxonomy":"post_tag","embeddable":true,"href":"https:\/\/www.europesays.com\/fr\/wp-json\/wp\/v2\/tags?post=456274"}],"curies":[{"name":"wp","href":"https:\/\/api.w.org\/{rel}","templated":true}]}}