{"id":456287,"date":"2025-10-12T01:05:11","date_gmt":"2025-10-12T01:05:11","guid":{"rendered":"https:\/\/www.europesays.com\/fr\/456287\/"},"modified":"2025-10-12T01:05:11","modified_gmt":"2025-10-12T01:05:11","slug":"previsions-du-dimanche-12-octobre-2025-13","status":"publish","type":"post","link":"https:\/\/www.europesays.com\/fr\/456287\/","title":{"rendered":"pr\u00e9visions du dimanche 12 octobre 2025"},"content":{"rendered":"<p class=\"mb-4 text-lg md:leading-8 break-words\"><strong>M\u00e9t\u00e9o &#8211; C&rsquo;est un soleil splendide qui va briller aujourd&rsquo;hui. Les temp\u00e9ratures seront de 20\u00b0C tout au long de la journ\u00e9e&#8230;<\/strong><\/p>\n<p class=\"mb-4 text-lg md:leading-8 break-words\">Nice va \u00eatre baign\u00e9e de soleil durant cette journ\u00e9e. Les temp\u00e9ratures seront de 17\u00b0C au plus bas et de 22\u00b0C au maximum. Les valeurs s&rsquo;\u00e9chelonneront entre 17 et 22\u00b0C le matin. Un modeste vent de nord-ouest sera ressenti par les habitants. Les temp\u00e9ratures seront comprises entre 19 et 22\u00b0C pendant l&rsquo;apr\u00e8s-midi. Le temps devrait s&rsquo;am\u00e9liorer durant la soir\u00e9e. On s&rsquo;attend \u00e0 une nuit claire entre dimanche et lundi.<\/p>\n<p class=\"mb-4 text-lg md:leading-8 break-words\">Demain, un beau soleil rayonnera sur Nice. Une baisse des temp\u00e9ratures est pr\u00e9vue. Le mercure affichera 18\u00b0C en moyenne. Un vent de sud-est rafra\u00eechira un peu l&rsquo;atmosph\u00e8re. Il va faire en moyenne 19\u00b0C, le matin. Demain apr\u00e8s-midi, les valeurs afficheront entre 18 et 20\u00b0C. Des \u00e9claircies feront leur apparition dans la soir\u00e9e.<\/p>\n<p class=\"mb-4 text-lg md:leading-8 break-words\">Les conditions m\u00e9t\u00e9orologiques des journ\u00e9es qui suivent vont se d\u00e9grader. Une m\u00e9t\u00e9o pluvieuse, pour des temp\u00e9ratures de 18\u00b0C environ, est \u00e0 pr\u00e9voir.<\/p>\n<p class=\"mb-4 text-lg md:leading-8 break-words\"><a href=\"https:\/\/www.20minutes.fr\/planete\/previsions-meteo\/4178721-20251012-meteo-nice-previsions-dimanche-12-octobre-2025?at_medium=RSS%20feed&amp;at_campaign=ynews&amp;utm_source=yahoo&amp;utm_medium=rss&amp;utm_campaign=news_feed&amp;utm_content=read_more_link&quot;\" rel=\"nofollow noopener\" target=\"_blank\" data-ylk=\"slk:Lire la suite sur 20minutes;elm:context_link;itc:0;sec:content-canvas\" class=\"link \">Lire la suite sur 20minutes<\/a><\/p>\n","protected":false},"excerpt":{"rendered":"M\u00e9t\u00e9o &#8211; C&rsquo;est un soleil splendide qui va briller aujourd&rsquo;hui. Les temp\u00e9ratures seront de 20\u00b0C tout au long&hellip;\n","protected":false},"author":2,"featured_media":456288,"comment_status":"","ping_status":"","sticky":false,"template":"","format":"standard","meta":{"footnotes":""},"categories":[2819],"tags":[1111,11,1777,674,1011,27,2487,12,2401,882,25],"class_list":{"0":"post-456287","1":"post","2":"type-post","3":"status-publish","4":"format-standard","5":"has-post-thumbnail","7":"category-nice","8":"tag-actu","9":"tag-actualites","10":"tag-eu","11":"tag-europe","12":"tag-fr","13":"tag-france","14":"tag-meteo","15":"tag-news","16":"tag-nice","17":"tag-provence-alpes-cote-dazur","18":"tag-republique-francaise"},"share_on_mastodon":{"url":"https:\/\/pubeurope.com\/@fr\/115358513461854921","error":""},"_links":{"self":[{"href":"https:\/\/www.europesays.com\/fr\/wp-json\/wp\/v2\/posts\/456287","targetHints":{"allow":["GET"]}}],"collection":[{"href":"https:\/\/www.europesays.com\/fr\/wp-json\/wp\/v2\/posts"}],"about":[{"href":"https:\/\/www.europesays.com\/fr\/wp-json\/wp\/v2\/types\/post"}],"author":[{"embeddable":true,"href":"https:\/\/www.europesays.com\/fr\/wp-json\/wp\/v2\/users\/2"}],"replies":[{"embeddable":true,"href":"https:\/\/www.europesays.com\/fr\/wp-json\/wp\/v2\/comments?post=456287"}],"version-history":[{"count":0,"href":"https:\/\/www.europesays.com\/fr\/wp-json\/wp\/v2\/posts\/456287\/revisions"}],"wp:featuredmedia":[{"embeddable":true,"href":"https:\/\/www.europesays.com\/fr\/wp-json\/wp\/v2\/media\/456288"}],"wp:attachment":[{"href":"https:\/\/www.europesays.com\/fr\/wp-json\/wp\/v2\/media?parent=456287"}],"wp:term":[{"taxonomy":"category","embeddable":true,"href":"https:\/\/www.europesays.com\/fr\/wp-json\/wp\/v2\/categories?post=456287"},{"taxonomy":"post_tag","embeddable":true,"href":"https:\/\/www.europesays.com\/fr\/wp-json\/wp\/v2\/tags?post=456287"}],"curies":[{"name":"wp","href":"https:\/\/api.w.org\/{rel}","templated":true}]}}