{"id":456295,"date":"2025-10-12T01:09:16","date_gmt":"2025-10-12T01:09:16","guid":{"rendered":"https:\/\/www.europesays.com\/fr\/456295\/"},"modified":"2025-10-12T01:09:16","modified_gmt":"2025-10-12T01:09:16","slug":"le-debrief-a-chaud-de-tulle-fc-girondins-de-bordeaux-en-direct","status":"publish","type":"post","link":"https:\/\/www.europesays.com\/fr\/456295\/","title":{"rendered":"Le D\u00e9brief \u00e0 Chaud de Tulle FC-Girondins de Bordeaux en direct"},"content":{"rendered":"<p>\n    11\/10 &#8211; 22:00 | Par la r\u00e9daction | Il y a<br \/>\n    5 heures\n  <\/p>\n<p><strong>Suivez le D\u00e9brief \u00e0 Chaud en direct du match de Coupe de France entre Tulle Foot Corr\u00e8ze et les Girondins de Bordeaux, 5e tour de Coupe de France, avec Nicolas Pietrelli de WebGirondins, Fred Si\u00e8ze et Adam. Laurent Crocis de L&rsquo;\u00c9quipe sera en duplex de Tulle. Saison 2025-2026.<\/strong><\/p>\n<p><img decoding=\"async\" src=\"https:\/\/www.europesays.com\/fr\/wp-content\/uploads\/2025\/08\/1756593689_575_671_d245985733f3da79ae719623be29083c.jpg\" alt=\"Le D\u00e9brief \u00e0 Chaud de Tulle FC-Girondins de Bordeaux en direct \" class=\"img-responsive mt-3\"\/><\/p>\n<p class=\"text-center mb-3\" style=\"font-size: 14px\">\u00a9 Iconsport<\/p>\n<p>Suivre l&rsquo;\u00e9mission sur cette page ou sur la <a href=\"https:\/\/www.youtube.com\/watch?v=qG6eDZkgNjo\" target=\"_blank\" rel=\"noopener\">cha\u00eene YouTube de WebGirondins<\/a> :<\/p>\n<p>Ce navigateur ne supporte pas les iframes<\/p>\n<p>\u00c0 lire :\u00a0<strong><a href=\"https:\/\/www.webgirondins.com\/actualite-girondins-girondins-qui-est-tidyane-diagouraga-la-nouvelle-recrue-de-bordeaux-130752\" target=\"_blank\" rel=\"noopener\">Qui est Tidyane Diagouraga, la nouvelle recrue de Bordeaux ?<\/a><\/strong><\/p>\n<p style=\"text-align: justify;\">Notre podcast court sur l&rsquo;actualit\u00e9 des Girondins \u00e0 \u00e9couter :<\/p>\n<p>\u00a0<\/p>\n<p>    <a href=\"https:\/\/www.webgirondins.com\/actualites-categorie-le-debrief-88\" target=\"_blank\" rel=\"noopener\">#Le D\u00e9brief<\/a><\/p>\n<p>  COMMENTAIRES<br \/>\n  ()<\/p>\n","protected":false},"excerpt":{"rendered":"11\/10 &#8211; 22:00 | Par la r\u00e9daction | Il y a 5 heures Suivez le D\u00e9brief \u00e0 Chaud&hellip;\n","protected":false},"author":2,"featured_media":323589,"comment_status":"","ping_status":"","sticky":false,"template":"","format":"standard","meta":{"footnotes":""},"categories":[2817],"tags":[1111,11,3396,1997,6100,8531,615,12111,814,2834,1777,674,2257,1011,27,10434,1987,955,12,3957,2219,17676,25,5237,3584,33227,5238],"class_list":{"0":"post-456295","1":"post","2":"type-post","3":"status-publish","4":"format-standard","5":"has-post-thumbnail","7":"category-bordeaux","8":"tag-actu","9":"tag-actualites","10":"tag-avec","11":"tag-bordeaux","12":"tag-chaud","13":"tag-correze","14":"tag-coupe","15":"tag-debrief","16":"tag-direct","17":"tag-entre","18":"tag-eu","19":"tag-europe","20":"tag-foot","21":"tag-fr","22":"tag-france","23":"tag-fred","24":"tag-girondins","25":"tag-match","26":"tag-news","27":"tag-nicolas","28":"tag-nouvelle-aquitaine","29":"tag-pietrelli","30":"tag-republique-francaise","31":"tag-suivez","32":"tag-tour","33":"tag-tulle","34":"tag-webgirondins"},"share_on_mastodon":{"url":"https:\/\/pubeurope.com\/@fr\/115358529227657283","error":""},"_links":{"self":[{"href":"https:\/\/www.europesays.com\/fr\/wp-json\/wp\/v2\/posts\/456295","targetHints":{"allow":["GET"]}}],"collection":[{"href":"https:\/\/www.europesays.com\/fr\/wp-json\/wp\/v2\/posts"}],"about":[{"href":"https:\/\/www.europesays.com\/fr\/wp-json\/wp\/v2\/types\/post"}],"author":[{"embeddable":true,"href":"https:\/\/www.europesays.com\/fr\/wp-json\/wp\/v2\/users\/2"}],"replies":[{"embeddable":true,"href":"https:\/\/www.europesays.com\/fr\/wp-json\/wp\/v2\/comments?post=456295"}],"version-history":[{"count":0,"href":"https:\/\/www.europesays.com\/fr\/wp-json\/wp\/v2\/posts\/456295\/revisions"}],"wp:featuredmedia":[{"embeddable":true,"href":"https:\/\/www.europesays.com\/fr\/wp-json\/wp\/v2\/media\/323589"}],"wp:attachment":[{"href":"https:\/\/www.europesays.com\/fr\/wp-json\/wp\/v2\/media?parent=456295"}],"wp:term":[{"taxonomy":"category","embeddable":true,"href":"https:\/\/www.europesays.com\/fr\/wp-json\/wp\/v2\/categories?post=456295"},{"taxonomy":"post_tag","embeddable":true,"href":"https:\/\/www.europesays.com\/fr\/wp-json\/wp\/v2\/tags?post=456295"}],"curies":[{"name":"wp","href":"https:\/\/api.w.org\/{rel}","templated":true}]}}