{"id":456298,"date":"2025-10-12T01:11:11","date_gmt":"2025-10-12T01:11:11","guid":{"rendered":"https:\/\/www.europesays.com\/fr\/456298\/"},"modified":"2025-10-12T01:11:11","modified_gmt":"2025-10-12T01:11:11","slug":"toulouse-ubb-a-quelle-heure-et-sur-quelle-chaine-tv-suivre-le-choc-de-la-6e-journee-de-top-14","status":"publish","type":"post","link":"https:\/\/www.europesays.com\/fr\/456298\/","title":{"rendered":"Toulouse-UBB\u00a0: \u00e0 quelle heure et sur quelle cha\u00eene TV suivre le choc de la 6e journ\u00e9e de Top\u00a014\u00a0?"},"content":{"rendered":"<p class=\"paragraph text_align_left lp-f-body-02\">3 victoires et deux d\u00e9faites chacun. Quasiment le m\u00eame nombre de points marqu\u00e9s et encaiss\u00e9s &#8211; 165-134 pour <a href=\"https:\/\/www.leparisien.fr\/sports\/rugby\/cest-un-gros-clebard-qui-est-jack-willis-travailleur-de-lombre-elu-roi-du-top-14-a-la-nuit-du-rugby-06-10-2025-373NEDIGUZGBPLTZSNMQUDS7DM.php\" target=\"_self\" rel=\"nofollow noopener\">Toulouse <\/a>et 164-133 pour l\u2019UBB. Et toujours le m\u00eame objectif final : d\u00e9crocher le bouclier de Brennus qui ne semble promis qu\u2019\u00e0 ces deux \u00e9quipes.<\/p>\n<p class=\"paragraph text_align_left lp-f-body-02\">Toulouse re\u00e7oit l\u2019UBB ce dimanche dans le choc annonc\u00e9 du <a href=\"https:\/\/www.leparisien.fr\/sports\/rugby\/\" target=\"_self\" rel=\"nofollow noopener\">Top 14<\/a>. M\u00eame si l\u2019UBB a annonc\u00e9 vouloir faire tourner \u00e0 l\u2019ext\u00e9rieur. Matthieu Jalibert et Louis Jalibert ne devraient pas faire le d\u00e9placement, tandis que les cas Damian Penaud et Nicolas Depoortere ne sont pas encore tranch\u00e9s. Des choix qui confirment les ambitions de Yannick Bru, le manager bordelais, qui indiquaient en d\u00e9but de saison vouloir surveiller le temps de jeu de ses internationaux.<\/p>\n<p class=\"paragraph text_align_left lp-f-body-02\">La voie semble donc grande ouverte pour Toulouse, qui a enregistr\u00e9 le retour \u00e0 l\u2019entra\u00eenement <a href=\"https:\/\/www.leparisien.fr\/sports\/rugby\/rugby-sept-mois-apres-sa-rupture-des-ligaments-croises-antoine-dupont-de-retour-a-lentrainement-avec-toulouse-07-10-2025-JKCBUW7QPZE5FNDFGO57Z7OMUY.php\" target=\"_self\" rel=\"nofollow noopener\">d\u2019Antoine Dupont<\/a>. Les Toulousains ont certes remport\u00e9 la finale de Top 14, mais avaient perdu ses trois rencontres pr\u00e9c\u00e9dentes face aux Bordelais.<\/p>\n<p class=\"paragraph text_align_left lp-f-body-02\">L\u2019avantage psychologique semble n\u00e9anmoins toujours en leur faveur, encore plus au vu de la flop\u00e9e d\u2019absents annonc\u00e9e, et les Occitans ont l\u2019occasion de frapper du poing sur la table et asseoir un peu plus leur domination nationale, face \u00e0 l\u2019adversaire national qui l\u2019a le plus emb\u00eat\u00e9 ces derni\u00e8res ann\u00e9es.<\/p>\n<p class=\"paragraph text_align_left lp-f-body-02\"><b>Le coup d\u2019envoi du match Toulouse-UBB est pr\u00e9vu dimanche 12 octobre \u00e0 21h05. La rencontre est diffus\u00e9e sur Canal +.<\/b><\/p>\n","protected":false},"excerpt":{"rendered":"3 victoires et deux d\u00e9faites chacun. Quasiment le m\u00eame nombre de points marqu\u00e9s et encaiss\u00e9s &#8211; 165-134 pour&hellip;\n","protected":false},"author":2,"featured_media":456299,"comment_status":"","ping_status":"","sticky":false,"template":"","format":"standard","meta":{"footnotes":""},"categories":[2816],"tags":[1111,11,1777,674,1011,27,12,2680,25,479,60,2312],"class_list":{"0":"post-456298","1":"post","2":"type-post","3":"status-publish","4":"format-standard","5":"has-post-thumbnail","7":"category-toulouse","8":"tag-actu","9":"tag-actualites","10":"tag-eu","11":"tag-europe","12":"tag-fr","13":"tag-france","14":"tag-news","15":"tag-occitanie","16":"tag-republique-francaise","17":"tag-rugby","18":"tag-sports","19":"tag-toulouse"},"share_on_mastodon":{"url":"https:\/\/pubeurope.com\/@fr\/115358537075674199","error":""},"_links":{"self":[{"href":"https:\/\/www.europesays.com\/fr\/wp-json\/wp\/v2\/posts\/456298","targetHints":{"allow":["GET"]}}],"collection":[{"href":"https:\/\/www.europesays.com\/fr\/wp-json\/wp\/v2\/posts"}],"about":[{"href":"https:\/\/www.europesays.com\/fr\/wp-json\/wp\/v2\/types\/post"}],"author":[{"embeddable":true,"href":"https:\/\/www.europesays.com\/fr\/wp-json\/wp\/v2\/users\/2"}],"replies":[{"embeddable":true,"href":"https:\/\/www.europesays.com\/fr\/wp-json\/wp\/v2\/comments?post=456298"}],"version-history":[{"count":0,"href":"https:\/\/www.europesays.com\/fr\/wp-json\/wp\/v2\/posts\/456298\/revisions"}],"wp:featuredmedia":[{"embeddable":true,"href":"https:\/\/www.europesays.com\/fr\/wp-json\/wp\/v2\/media\/456299"}],"wp:attachment":[{"href":"https:\/\/www.europesays.com\/fr\/wp-json\/wp\/v2\/media?parent=456298"}],"wp:term":[{"taxonomy":"category","embeddable":true,"href":"https:\/\/www.europesays.com\/fr\/wp-json\/wp\/v2\/categories?post=456298"},{"taxonomy":"post_tag","embeddable":true,"href":"https:\/\/www.europesays.com\/fr\/wp-json\/wp\/v2\/tags?post=456298"}],"curies":[{"name":"wp","href":"https:\/\/api.w.org\/{rel}","templated":true}]}}