{"id":456304,"date":"2025-10-12T01:15:19","date_gmt":"2025-10-12T01:15:19","guid":{"rendered":"https:\/\/www.europesays.com\/fr\/456304\/"},"modified":"2025-10-12T01:15:19","modified_gmt":"2025-10-12T01:15:19","slug":"previsions-du-dimanche-12-octobre-2025-16","status":"publish","type":"post","link":"https:\/\/www.europesays.com\/fr\/456304\/","title":{"rendered":"pr\u00e9visions du dimanche 12 octobre 2025"},"content":{"rendered":"<p>Aujourd&rsquo;hui, les Marseillais vont pouvoir b\u00e9n\u00e9ficier d&rsquo;un soleil radieux. Les valeurs afficheront entre 18\u00b0C et 22\u00b0C. Les temp\u00e9ratures avoisineront les 20\u00b0C au cours de la matin\u00e9e. Un vent de nord-est rafra\u00eechira un peu l&rsquo;atmosph\u00e8re. Les valeurs s&rsquo;\u00e9chelonneront entre 20 et 22\u00b0C pendant l&rsquo;apr\u00e8s-midi. Le temps devrait s&rsquo;am\u00e9liorer durant la soir\u00e9e. Entre dimanche et lundi, la nuit sera claire.<\/p>\n<p>C&rsquo;est un soleil splendide qui va se montrer demain sur Marseille. Les temp\u00e9ratures seront comprises entre 18 et 21\u00b0C. Un petit vent de sud sera ressenti par les habitants. Le matin, les valeurs afficheront entre 18 et 21\u00b0C. Les temp\u00e9ratures seront de 19\u00b0C au minimum et de 21\u00b0C au maximum l&rsquo;apr\u00e8s-midi. On pr\u00e9voit une embellie pour cette soir\u00e9e. Les temp\u00e9ratures seront de 19\u00b0C.<\/p>\n<p>La m\u00e9t\u00e9o restera inchang\u00e9e les prochains jours. Des temp\u00e9ratures dans les 19\u00b0C accompagneront un ciel ensoleill\u00e9.<\/p>\n<p><\/p>\n","protected":false},"excerpt":{"rendered":"Aujourd&rsquo;hui, les Marseillais vont pouvoir b\u00e9n\u00e9ficier d&rsquo;un soleil radieux. Les valeurs afficheront entre 18\u00b0C et 22\u00b0C. Les temp\u00e9ratures&hellip;\n","protected":false},"author":2,"featured_media":456305,"comment_status":"","ping_status":"","sticky":false,"template":"","format":"standard","meta":{"footnotes":""},"categories":[2814],"tags":[1111,11,1777,674,1011,27,884,12,2119,882,25],"class_list":{"0":"post-456304","1":"post","2":"type-post","3":"status-publish","4":"format-standard","5":"has-post-thumbnail","7":"category-marseille","8":"tag-actu","9":"tag-actualites","10":"tag-eu","11":"tag-europe","12":"tag-fr","13":"tag-france","14":"tag-marseille","15":"tag-news","16":"tag-previsions-meteo","17":"tag-provence-alpes-cote-dazur","18":"tag-republique-francaise"},"share_on_mastodon":{"url":"https:\/\/pubeurope.com\/@fr\/115358552826838051","error":""},"_links":{"self":[{"href":"https:\/\/www.europesays.com\/fr\/wp-json\/wp\/v2\/posts\/456304","targetHints":{"allow":["GET"]}}],"collection":[{"href":"https:\/\/www.europesays.com\/fr\/wp-json\/wp\/v2\/posts"}],"about":[{"href":"https:\/\/www.europesays.com\/fr\/wp-json\/wp\/v2\/types\/post"}],"author":[{"embeddable":true,"href":"https:\/\/www.europesays.com\/fr\/wp-json\/wp\/v2\/users\/2"}],"replies":[{"embeddable":true,"href":"https:\/\/www.europesays.com\/fr\/wp-json\/wp\/v2\/comments?post=456304"}],"version-history":[{"count":0,"href":"https:\/\/www.europesays.com\/fr\/wp-json\/wp\/v2\/posts\/456304\/revisions"}],"wp:featuredmedia":[{"embeddable":true,"href":"https:\/\/www.europesays.com\/fr\/wp-json\/wp\/v2\/media\/456305"}],"wp:attachment":[{"href":"https:\/\/www.europesays.com\/fr\/wp-json\/wp\/v2\/media?parent=456304"}],"wp:term":[{"taxonomy":"category","embeddable":true,"href":"https:\/\/www.europesays.com\/fr\/wp-json\/wp\/v2\/categories?post=456304"},{"taxonomy":"post_tag","embeddable":true,"href":"https:\/\/www.europesays.com\/fr\/wp-json\/wp\/v2\/tags?post=456304"}],"curies":[{"name":"wp","href":"https:\/\/api.w.org\/{rel}","templated":true}]}}