{"id":456306,"date":"2025-10-12T01:16:15","date_gmt":"2025-10-12T01:16:15","guid":{"rendered":"https:\/\/www.europesays.com\/fr\/456306\/"},"modified":"2025-10-12T01:16:15","modified_gmt":"2025-10-12T01:16:15","slug":"les-derniers-points-de-deal-de-ce-quartier-pres-de-lyon-casses","status":"publish","type":"post","link":"https:\/\/www.europesays.com\/fr\/456306\/","title":{"rendered":"les derniers points de deal de ce quartier pr\u00e8s de Lyon cass\u00e9s"},"content":{"rendered":"<p>            Par<br \/>\n        <strong><br \/>\n            <a href=\"https:\/\/actu.fr\/auteur\/redaction-lyon\" title=\"Consulter tous les articles de R\u00e9daction Lyon\" target=\"_blank\" rel=\"noopener\">R\u00e9daction Lyon<\/a><br \/>\n        <\/strong><\/p>\n<p>        Publi\u00e9 le<\/p>\n<p>            11 oct. 2025 \u00e0 13h35        <\/p>\n<p>Les <strong>\u00ab\u00a0deux derniers points de deal\u00a0\u00bb<\/strong> d\u2019un quartier en proie au trafic de drogue \u00e0 <a href=\"https:\/\/actu.fr\/auvergne-rhone-alpes\/villeurbanne_69266\/proprete-securite-municipales-2026-le-maire-de-villeurbanne-cedric-van-styvendael-repond_63162218.html\" target=\"_blank\" rel=\"noopener\">Villeurbanne<\/a>, dans la banlieue de <a href=\"https:\/\/actu.fr\/auvergne-rhone-alpes\/lyon_69123\" target=\"_blank\" rel=\"noopener\">Lyon<\/a>, ont \u00e9t\u00e9 d\u00e9mantel\u00e9s dans la semaine, a annonc\u00e9 vendredi 10 octobre 2025 la pr\u00e9f\u00e8te du Rh\u00f4ne, tout en assurant que la vigilance restait de mise.<\/p>\n<p class=\" wall-content\">Il y a environ deux ans, <strong>\u00ab\u00a08 ou 9\u00a0\u00bb points de deal<\/strong> \u00e9taient install\u00e9s dans le <a href=\"https:\/\/actu.fr\/auvergne-rhone-alpes\/villeurbanne_69266\/pres-de-lyon-insecurite-drogue-une-brigade-speciale-arrive-pour-le-tonkin-et-charpennes_61935679.html\" target=\"_blank\" rel=\"noopener\">quartier du Tonkin<\/a>, a rappel\u00e9 <a href=\"https:\/\/actu.fr\/auvergne-rhone-alpes\/lyon_69123\/la-prefete-du-rhone-s-enerve-contre-un-sentiment-d-impunite-chez-les-delinquants-algeriens_62977999.html\" target=\"_blank\" rel=\"noopener\">Fabienne Buccio<\/a> qui s\u2019y est d\u00e9plac\u00e9e apr\u00e8s une op\u00e9ration polici\u00e8re en d\u00e9but de semaine.<\/p>\n<p class=\" wall-content\">Mais \u00ab\u00a0on sait que tout \u00e7a est toujours fragile. La pr\u00e9sence de la police et de toutes les actions qui sont men\u00e9es sur le plan social, dans l\u2019environnement de ce quartier, va continuer\u00a0\u00bb, a-t-elle promis.<\/p>\n<p>Encore des endroits de Villeurbanne avec du trafic<\/p>\n<p class=\" wall-content\">\u00ab\u00a0On a eu des r\u00e9sultats extr\u00eamement satisfaisants sur le Tonkin, pour autant il reste plusieurs endroits\u00a0\u00bb o\u00f9 le trafic persiste, a par ailleurs observ\u00e9 le maire de Villeurbanne <a href=\"https:\/\/actu.fr\/auvergne-rhone-alpes\/villeurbanne_69266\/30-km-h-insecurite-loyers-le-maire-de-villeurbanne-cedric-van-styvendael-repond_54839957.html\" target=\"_blank\" rel=\"noopener\">C\u00e9dric Van Styvendael<\/a>.<\/p>\n<p class=\" wall-content\">Jean-Luc, un habitant de 74 ans, membre du <strong>collectif Tonkin Pai(x)sible<\/strong> qui s\u2019est mobilis\u00e9 contre la pr\u00e9sence des trafiquants, a remerci\u00e9 Mme Buccio, tout en lui demandant \u00ab\u00a0de ne pas rel\u00e2cher\u00a0\u00bb la pression.<\/p>\n<p class=\" wall-content\">\u00ab\u00a0Les r\u00e9sultats ont \u00e9t\u00e9 longs \u00e0 venir mais les riverains per\u00e7oivent une nette am\u00e9lioration\u00a0\u00bb, avec le \u00ab\u00a0gros soutien\u00a0\u00bb des polices nationale et municipale, a-t-il expliqu\u00e9 \u00e0 l\u2019AFP.<br \/>Fin novembre 2024, une Brigade sp\u00e9cialis\u00e9e de terrain (BST) a \u00e9t\u00e9 d\u00e9ploy\u00e9e dans le quartier pour renforcer la lutte contre le trafic de stup\u00e9fiants.<\/p>\n<p>Votre r\u00e9gion, votre actu !<\/p>\n<p>Recevez chaque jour les infos qui comptent pour vous.<\/p>\n<p>\t<a href=\"https:\/\/actu.fr\/newsletter\" class=\"ac-btn ac-btn--corner ac-btn--medium ac-btn--blue800\" target=\"_blank\" rel=\"noopener\">S&rsquo;incrire<\/a><br \/>\nDes habitants du secteur dans les r\u00e9seaux<\/p>\n<p class=\" wall-content\">Au Tonkin, les op\u00e9rations de d\u00e9mant\u00e8lement se sont appuy\u00e9es sur \u00ab\u00a0tous les outils dont nous disposons\u00a0\u00bb, a expliqu\u00e9 <a href=\"https:\/\/actu.fr\/auvergne-rhone-alpes\/lyon_69123\/lyon-insecurite-et-fusillades-le-patron-de-la-police-repond-des-dealers-resistent_62019595.html\" target=\"_blank\" rel=\"noopener\">Nelson Bouard<\/a>, le directeur interd\u00e9partemental de la police nationale (DIPN).<\/p>\n<p class=\" wall-content\">D\u2019une mani\u00e8re g\u00e9n\u00e9rale, les \u00ab\u00a0g\u00e9rants\u00a0\u00bb des points de deal sont \u00ab\u00a0plut\u00f4t des locaux\u00a0\u00bb, avec des r\u00e9seaux criminels \u00ab\u00a0assez souvent familiaux\u00a0\u00bb, d\u00e9taille-t-il. Pour la vente ou la surveillance, les personnes sont recrut\u00e9es \u00ab\u00a0partout dans la r\u00e9gion, parfois au-del\u00e0\u00a0\u00bb, pour \u00ab\u00a0une journ\u00e9e ou sur quelques jours\u00a0\u00bb, ajoute M. Bouard.<\/p>\n<p>\u00ab\u00a0Un exemple\u00a0\u00bb pour le faire ailleurs<\/p>\n<p class=\" wall-content\">\u00ab\u00a0J\u2019esp\u00e8re que ce qu\u2019on a fait au Tonkin, sera un peu un exemple de ce qu\u2019on va faire ailleurs\u00a0\u00bb, a avanc\u00e9 Mme Buccio.<\/p>\n<p class=\" wall-content\">Apr\u00e8s l\u2019op\u00e9ration, <strong>deux personnes ont \u00e9t\u00e9 condamn\u00e9es \u00e0 12 et 6 mois de prison<\/strong> selon la proc\u00e9dure de comparution sur reconnaissance de culpabilit\u00e9. Trois autres suspect\u00e9es de g\u00e9rer et approvisionner le point de deal sont en d\u00e9tention provisoire en attendant leur jugement, a indiqu\u00e9 le procureur de Lyon Thierry Dran dans un communiqu\u00e9.<\/p>\n<p class=\" wall-content\"><strong>Avec AFP<\/strong><\/p>\n<p class=\" wall-content\">Personnalisez votre actualit\u00e9 en ajoutant vos villes et m\u00e9dias en favori avec <a href=\"https:\/\/moncompte.actu.fr\" title=\"D\u00e9couvez Mon Actu\" rel=\"nofollow noopener\" data-trk=\"{&quot;cta&quot;:{&quot;action&quot;:&quot;https:\\\/\\\/moncompte.actu.fr&quot;,&quot;category&quot;:&quot;mon compte&quot;,&quot;from&quot;:&quot;article footer&quot;,&quot;name&quot;:&quot;Mon actu&quot;,&quot;type&quot;:&quot;cta&quot;}}\" target=\"_blank\">Mon Actu<\/a>.<\/p>\n","protected":false},"excerpt":{"rendered":"Par R\u00e9daction Lyon Publi\u00e9 le 11 oct. 2025 \u00e0 13h35 Les \u00ab\u00a0deux derniers points de deal\u00a0\u00bb d\u2019un quartier&hellip;\n","protected":false},"author":2,"featured_media":456307,"comment_status":"","ping_status":"","sticky":false,"template":"","format":"standard","meta":{"footnotes":""},"categories":[1889],"tags":[1111,11,2430,1052,1777,674,1011,27,2428,12,1072,25,104],"class_list":{"0":"post-456306","1":"post","2":"type-post","3":"status-publish","4":"format-standard","5":"has-post-thumbnail","7":"category-lyon","8":"tag-actu","9":"tag-actualites","10":"tag-auvergne-rhone-alpes","11":"tag-drogue","12":"tag-eu","13":"tag-europe","14":"tag-fr","15":"tag-france","16":"tag-lyon","17":"tag-news","18":"tag-police","19":"tag-republique-francaise","20":"tag-societe"},"share_on_mastodon":{"url":"https:\/\/pubeurope.com\/@fr\/115358556856197662","error":""},"_links":{"self":[{"href":"https:\/\/www.europesays.com\/fr\/wp-json\/wp\/v2\/posts\/456306","targetHints":{"allow":["GET"]}}],"collection":[{"href":"https:\/\/www.europesays.com\/fr\/wp-json\/wp\/v2\/posts"}],"about":[{"href":"https:\/\/www.europesays.com\/fr\/wp-json\/wp\/v2\/types\/post"}],"author":[{"embeddable":true,"href":"https:\/\/www.europesays.com\/fr\/wp-json\/wp\/v2\/users\/2"}],"replies":[{"embeddable":true,"href":"https:\/\/www.europesays.com\/fr\/wp-json\/wp\/v2\/comments?post=456306"}],"version-history":[{"count":0,"href":"https:\/\/www.europesays.com\/fr\/wp-json\/wp\/v2\/posts\/456306\/revisions"}],"wp:featuredmedia":[{"embeddable":true,"href":"https:\/\/www.europesays.com\/fr\/wp-json\/wp\/v2\/media\/456307"}],"wp:attachment":[{"href":"https:\/\/www.europesays.com\/fr\/wp-json\/wp\/v2\/media?parent=456306"}],"wp:term":[{"taxonomy":"category","embeddable":true,"href":"https:\/\/www.europesays.com\/fr\/wp-json\/wp\/v2\/categories?post=456306"},{"taxonomy":"post_tag","embeddable":true,"href":"https:\/\/www.europesays.com\/fr\/wp-json\/wp\/v2\/tags?post=456306"}],"curies":[{"name":"wp","href":"https:\/\/api.w.org\/{rel}","templated":true}]}}