{"id":456308,"date":"2025-10-12T01:17:19","date_gmt":"2025-10-12T01:17:19","guid":{"rendered":"https:\/\/www.europesays.com\/fr\/456308\/"},"modified":"2025-10-12T01:17:19","modified_gmt":"2025-10-12T01:17:19","slug":"lyon-continue-decrire-lhistoire-du-cinema","status":"publish","type":"post","link":"https:\/\/www.europesays.com\/fr\/456308\/","title":{"rendered":"LYON CONTINUE D&rsquo;ECRIRE L&rsquo;HISTOIRE DU CINEMA"},"content":{"rendered":"<p>Ce samedi soir, les cin\u00e9philes se sont r\u00e9unis \u00e0 la Halle Tony Garnier pour c\u00e9l\u00e9brer le cin\u00e9ma lors de ce rendez-vous incontournable du Festival alliant patrimoine, transmission et partage.<\/p>\n<p>Nombreux sont les invit\u00e9s qui ont foul\u00e9 le tapis rouge traversant la salle comble de la Halle Tony Garnier. On compte entre autres Dominique Blanc, Costa-Gavras, Kad Merad, Lisa Azuelos, Franck Dubosc, Christian Carion, Sabine Az\u00e9ma, Jeremy Allen White ou encore Laurent Gerra. Mais c\u2019est Sean Penn qui a ferm\u00e9 le bal en faisant son entr\u00e9e au rythme des cordes de Bruce Springsteen.<\/p>\n<p>La soir\u00e9e a \u00e9t\u00e9 introduite par une vid\u00e9o d\u00e9roulant chronologiquement l\u2019histoire du 7e art, d\u00e9butant \u00e0 Lyon il y a 130 ans lorsque les fr\u00e8res Lumi\u00e8re inventaient le cin\u00e9matographe. Sortie d\u2019Usine des Fr\u00e8res Lumi\u00e8re, Les Temps Modernes de Chaplin, Monte l\u00e0-dessus de Fred C. Newmeyer et Sam Taylor, en passant par La Grande Vadrouille de G\u00e9rard Oury, Matrix des Wachowski\u00a0 jusqu\u2019\u00e0 La La Land de Damien Chazelle et Avatar de James Cameron\u00a0; une s\u00e9rie d\u2019images vertigineuses rappelant que le cin\u00e9ma traverse le temps, vers l\u2019infini. Des images jouant ainsi avec la c\u00e9l\u00e8bre citation des p\u00e8res du cin\u00e9ma s\u2019adressant \u00e0 M\u00e9li\u00e8s\u00a0: \u201cLe\u00a0cin\u00e9ma\u00a0n\u2019a aucun\u00a0avenir\u201d.<\/p>\n<p>Rappelons que cet anniversaire a \u00e9t\u00e9 consacr\u00e9 \u00e9galement par \u00ab\u00a0Lumi\u00e8re, l\u2019aventure continue\u00a0\u00bb de Thierry Fr\u00e9maux. Sorti cette ann\u00e9e, ce film r\u00e9unit la restauration de plus de 120 vues Lumi\u00e8re in\u00e9dites.<\/p>\n<p>Cette \u00e9dition du festival est de surcro\u00eet marqu\u00e9e par la \u00ab\u00a0r\u00e9\u00a0\u00bbinauguration de la rue du Premier Film. Thierry Fr\u00e9maux rappelant que la rue Saint Victor est devenue Rue du Premier film en 1930. Le directeur du festival a ensuite avou\u00e9 attendre de voir des panneaux \u00ab\u00a0Lyon ville du cin\u00e9ma Lumi\u00e8re\u00a0\u00bb aux entr\u00e9es de la capitale des Gaules.<\/p>\n<p>Ir\u00e8ne Jacob a par ailleurs plac\u00e9 cette 17e \u00e9dition du Festival Lumi\u00e8re sous le signe de la paix, faisant de cet art universel une force dans ce monde d\u00e9chir\u00e9 par de multiples climats de guerres.<\/p>\n<p><img fetchpriority=\"high\" decoding=\"async\" width=\"1024\" height=\"797\" src=\"https:\/\/www.europesays.com\/fr\/wp-content\/uploads\/2025\/10\/IMG_3464-1024x797.jpg\" alt=\"\" class=\"wp-image-114126\" style=\"width:416px;height:auto\"  \/><\/p>\n<p><img loading=\"lazy\" decoding=\"async\" width=\"1024\" height=\"744\" src=\"https:\/\/www.europesays.com\/fr\/wp-content\/uploads\/2025\/10\/IMG_3467-1-1024x744.jpg\" alt=\"\" class=\"wp-image-114127\" style=\"width:421px;height:auto\"  \/><\/p>\n<p>Autre visionnage lors de la c\u00e9r\u00e9monie\u00a0: le r\u00e9sum\u00e9 en images de la programmation du festival. \u00a0Avec ses quelque 450 s\u00e9ances pr\u00e9vues du 11 au 19 octobre, le Festival Lumi\u00e8re, rend hommage au cin\u00e9ma dans toute sa diversit\u00e9, en c\u00e9l\u00e9brant ses grands noms et son histoire.<\/p>\n<p>Rappelons que le festival propose :<\/p>\n<ul class=\"wp-block-list\">\n<li>Des <strong>r\u00e9trospectives<\/strong> de grands cin\u00e9astes<\/li>\n<li>Des <strong>projections de copies restaur\u00e9es<\/strong> sur grand \u00e9cran<\/li>\n<li>Des <strong>cin\u00e9-concerts<\/strong> autour du cin\u00e9ma muet<\/li>\n<li>Des <strong>master class<\/strong> et <strong>rencontres<\/strong> avec les invit\u00e9s (<strong>Natalie Portman, Sean Penn, John Woo, Dominique Blanc, Alain Chabat, Orelsan, Juliette Binoche, Guillermo del Torro\u2026)<\/strong><\/li>\n<li>Des <strong>expositions<\/strong> et temps conviviaux, comme le <strong>m\u00e2chon lyonnais<\/strong><\/li>\n<li>Des <strong>s\u00e9ances dans des lieux embl\u00e9matiques<\/strong> (Halle Tony Garnier, Auditorium de Lyon\u2026)<\/li>\n<li>Le <strong>March\u00e9 International du Film Classique<\/strong> pour les professionnels\u2026<\/li>\n<\/ul>\n<p>Retrouvez plus de d\u00e9tails concernant la programmation <a href=\"https:\/\/www.festival-lumiere.org\/\" target=\"_blank\" rel=\"noopener\">ici.<\/a><\/p>\n<p>La fanfare Les Essouffl\u00e9es a aussi mis \u00e0 l\u2019honneur sur une tonalit\u00e9 festive les b\u00e9n\u00e9voles qui portent l\u2019ensemble de ces \u00e9v\u00e8nements pendant cette semaine d\u2019octobre dans Lyon et sa m\u00e9tropole.<\/p>\n<p><img loading=\"lazy\" decoding=\"async\" width=\"1024\" height=\"683\" data-id=\"114130\" src=\"https:\/\/www.europesays.com\/fr\/wp-content\/uploads\/2025\/10\/IMG_3475-1024x683.jpg\" alt=\"\" class=\"wp-image-114130\"  \/><\/p>\n<p><img loading=\"lazy\" decoding=\"async\" width=\"1024\" height=\"683\" data-id=\"114131\" src=\"https:\/\/www.europesays.com\/fr\/wp-content\/uploads\/2025\/10\/IMG_3482-1-1024x683.jpg\" alt=\"\" class=\"wp-image-114131\"  \/><\/p>\n<p>L\u2019harmonie s\u2019est poursuivie en regroupant tous les invit\u00e9s sur sc\u00e8ne pour d\u00e9clarer en ch\u0153ur \u00ab\u00a0le festival Lumi\u00e8re officiellement ouvert\u00a0\u00bb. <\/p>\n<p><img loading=\"lazy\" decoding=\"async\" width=\"1024\" height=\"573\" data-id=\"114123\" src=\"https:\/\/www.europesays.com\/fr\/wp-content\/uploads\/2025\/10\/IMG_3495-1024x573.jpg\" alt=\"\" class=\"wp-image-114123\"  \/><\/p>\n<p><img loading=\"lazy\" decoding=\"async\" width=\"1024\" height=\"638\" data-id=\"114124\" src=\"https:\/\/www.europesays.com\/fr\/wp-content\/uploads\/2025\/10\/IMG_3506-1024x638.jpg\" alt=\"\" class=\"wp-image-114124\"  \/><\/p>\n<p><img loading=\"lazy\" decoding=\"async\" width=\"1024\" height=\"662\" src=\"https:\/\/www.europesays.com\/fr\/wp-content\/uploads\/2025\/10\/IMG_3494-1-1024x662.jpg\" alt=\"\" class=\"wp-image-114125\" style=\"width:385px;height:auto\"  \/><\/p>\n<p><img loading=\"lazy\" decoding=\"async\" width=\"1024\" height=\"514\" src=\"https:\/\/www.europesays.com\/fr\/wp-content\/uploads\/2025\/10\/IMG_3498-1024x514.jpg\" alt=\"\" class=\"wp-image-114128\" style=\"width:544px;height:auto\"  \/><\/p>\n<p>Enfin, Sean Penn est mont\u00e9 sur sc\u00e8ne pour clore la c\u00e9r\u00e9monie et pr\u00e9senter le film projet\u00e9 en ouverture\u00a0:\u00a0Vol au-dessus d\u2019un nid de Coucou\u00a0(1975) r\u00e9alis\u00e9 par un ancien Prix Lumi\u00e8re, Milos Forman. L\u2019acteur am\u00e9ricain a laiss\u00e9 place \u00e0 la projection en reconnaissant le poids de ce long m\u00e9trage dans l\u2019histoire du cin\u00e9ma\u00a0: \u00ab\u00a0J\u2019ai entendu plusieurs fois mon nom ce soir, mais avec la diffusion de\u00a0Vol au-dessus d\u2019un nid de coucou je vais retrouver mon humilit\u00e9\u00a0\u00bb. <\/p>\n<p>La soir\u00e9e s\u2019est donc termin\u00e9e devant ce grand classique qui allie \u00e9motion, r\u00e9volte et humanit\u00e9. \u00a0<\/p>\n<p><img loading=\"lazy\" decoding=\"async\" width=\"1024\" height=\"790\" src=\"https:\/\/www.europesays.com\/fr\/wp-content\/uploads\/2025\/10\/IMG_3524-1024x790.jpg\" alt=\"\" class=\"wp-image-114120\"  \/><\/p>\n<p><img loading=\"lazy\" decoding=\"async\" width=\"1024\" height=\"683\" src=\"https:\/\/www.europesays.com\/fr\/wp-content\/uploads\/2025\/10\/IMG_3527-1024x683.jpg\" alt=\"\" class=\"wp-image-114121\"  \/><\/p>\n","protected":false},"excerpt":{"rendered":"Ce samedi soir, les cin\u00e9philes se sont r\u00e9unis \u00e0 la Halle Tony Garnier pour c\u00e9l\u00e9brer le cin\u00e9ma lors&hellip;\n","protected":false},"author":2,"featured_media":456309,"comment_status":"","ping_status":"","sticky":false,"template":"","format":"standard","meta":{"footnotes":""},"categories":[1889],"tags":[1111,11,2430,650,1777,674,34755,1011,27,20492,2428,12,25],"class_list":{"0":"post-456308","1":"post","2":"type-post","3":"status-publish","4":"format-standard","5":"has-post-thumbnail","7":"category-lyon","8":"tag-actu","9":"tag-actualites","10":"tag-auvergne-rhone-alpes","11":"tag-cinema","12":"tag-eu","13":"tag-europe","14":"tag-festival-lumiere","15":"tag-fr","16":"tag-france","17":"tag-institut-lumiere","18":"tag-lyon","19":"tag-news","20":"tag-republique-francaise"},"share_on_mastodon":{"url":"https:\/\/pubeurope.com\/@fr\/115358561364631764","error":""},"_links":{"self":[{"href":"https:\/\/www.europesays.com\/fr\/wp-json\/wp\/v2\/posts\/456308","targetHints":{"allow":["GET"]}}],"collection":[{"href":"https:\/\/www.europesays.com\/fr\/wp-json\/wp\/v2\/posts"}],"about":[{"href":"https:\/\/www.europesays.com\/fr\/wp-json\/wp\/v2\/types\/post"}],"author":[{"embeddable":true,"href":"https:\/\/www.europesays.com\/fr\/wp-json\/wp\/v2\/users\/2"}],"replies":[{"embeddable":true,"href":"https:\/\/www.europesays.com\/fr\/wp-json\/wp\/v2\/comments?post=456308"}],"version-history":[{"count":0,"href":"https:\/\/www.europesays.com\/fr\/wp-json\/wp\/v2\/posts\/456308\/revisions"}],"wp:featuredmedia":[{"embeddable":true,"href":"https:\/\/www.europesays.com\/fr\/wp-json\/wp\/v2\/media\/456309"}],"wp:attachment":[{"href":"https:\/\/www.europesays.com\/fr\/wp-json\/wp\/v2\/media?parent=456308"}],"wp:term":[{"taxonomy":"category","embeddable":true,"href":"https:\/\/www.europesays.com\/fr\/wp-json\/wp\/v2\/categories?post=456308"},{"taxonomy":"post_tag","embeddable":true,"href":"https:\/\/www.europesays.com\/fr\/wp-json\/wp\/v2\/tags?post=456308"}],"curies":[{"name":"wp","href":"https:\/\/api.w.org\/{rel}","templated":true}]}}