{"id":456314,"date":"2025-10-12T01:23:12","date_gmt":"2025-10-12T01:23:12","guid":{"rendered":"https:\/\/www.europesays.com\/fr\/456314\/"},"modified":"2025-10-12T01:23:12","modified_gmt":"2025-10-12T01:23:12","slug":"previsions-du-dimanche-12-octobre-2025-17","status":"publish","type":"post","link":"https:\/\/www.europesays.com\/fr\/456314\/","title":{"rendered":"pr\u00e9visions du dimanche 12 octobre 2025"},"content":{"rendered":"<p>Aujourd&rsquo;hui, un grand soleil brillera sur Paris. Les valeurs s&rsquo;\u00e9chelonneront entre 11 et 20\u00b0C. Une petite brise de nord-est sera ressentie par les habitants. Dans la matin\u00e9e, les temp\u00e9ratures seront de 14\u00b0C. Un temps plus chaud est pr\u00e9vu l&rsquo;apr\u00e8s-midi puisque le mercure va enregistrer une augmentation. Les temp\u00e9ratures afficheront entre 18 et 20\u00b0C. Le soir, le vent va peu \u00e0 peu \u00e9loigner la grisaille. Durant la nuit de dimanche \u00e0 lundi, le ciel sera clair.<\/p>\n<p>Le ciel sera toujours couvert demain, \u00e0 Paris, avec des l\u00e9g\u00e8re nuages. Les valeurs seront comprises entre 12 et 20\u00b0C. Un vent de nord-est rafra\u00eechira sensiblement l&rsquo;atmosph\u00e8re. D&rsquo;un autre c\u00f4t\u00e9, la m\u00e9t\u00e9o devrait s&rsquo;am\u00e9liorer durant la matin\u00e9e. Il y aura de l\u00e9gers nuages avant que le soleil ne puisse faire son apparition durant l&rsquo;apr\u00e8s-midi. En revanche, la m\u00e9t\u00e9o va se r\u00e9chauffer avec une hausse de quelques degr\u00e9s. Les temp\u00e9ratures s&rsquo;\u00e9chelonneront de 17 \u00e0 20\u00b0C. Des \u00e9claircies appara\u00eetront dans la soir\u00e9e. On anticipe des valeurs d&rsquo;environ 16\u00b0C.<\/p>\n<p>La m\u00e9t\u00e9o des jours suivants va s&rsquo;am\u00e9liorer. Il va faire un temps assez ensoleill\u00e9 avec des temp\u00e9ratures autour de 15\u00b0C.<\/p>\n<p><\/p>\n","protected":false},"excerpt":{"rendered":"Aujourd&rsquo;hui, un grand soleil brillera sur Paris. Les valeurs s&rsquo;\u00e9chelonneront entre 11 et 20\u00b0C. Une petite brise de&hellip;\n","protected":false},"author":2,"featured_media":456315,"comment_status":"","ping_status":"","sticky":false,"template":"","format":"standard","meta":{"footnotes":""},"categories":[1888],"tags":[11,1777,674,1011,27,12,626,2119,25],"class_list":{"0":"post-456314","1":"post","2":"type-post","3":"status-publish","4":"format-standard","5":"has-post-thumbnail","7":"category-paris","8":"tag-actualites","9":"tag-eu","10":"tag-europe","11":"tag-fr","12":"tag-france","13":"tag-news","14":"tag-paris","15":"tag-previsions-meteo","16":"tag-republique-francaise"},"share_on_mastodon":{"url":"https:\/\/pubeurope.com\/@fr\/115358584369391012","error":""},"_links":{"self":[{"href":"https:\/\/www.europesays.com\/fr\/wp-json\/wp\/v2\/posts\/456314","targetHints":{"allow":["GET"]}}],"collection":[{"href":"https:\/\/www.europesays.com\/fr\/wp-json\/wp\/v2\/posts"}],"about":[{"href":"https:\/\/www.europesays.com\/fr\/wp-json\/wp\/v2\/types\/post"}],"author":[{"embeddable":true,"href":"https:\/\/www.europesays.com\/fr\/wp-json\/wp\/v2\/users\/2"}],"replies":[{"embeddable":true,"href":"https:\/\/www.europesays.com\/fr\/wp-json\/wp\/v2\/comments?post=456314"}],"version-history":[{"count":0,"href":"https:\/\/www.europesays.com\/fr\/wp-json\/wp\/v2\/posts\/456314\/revisions"}],"wp:featuredmedia":[{"embeddable":true,"href":"https:\/\/www.europesays.com\/fr\/wp-json\/wp\/v2\/media\/456315"}],"wp:attachment":[{"href":"https:\/\/www.europesays.com\/fr\/wp-json\/wp\/v2\/media?parent=456314"}],"wp:term":[{"taxonomy":"category","embeddable":true,"href":"https:\/\/www.europesays.com\/fr\/wp-json\/wp\/v2\/categories?post=456314"},{"taxonomy":"post_tag","embeddable":true,"href":"https:\/\/www.europesays.com\/fr\/wp-json\/wp\/v2\/tags?post=456314"}],"curies":[{"name":"wp","href":"https:\/\/api.w.org\/{rel}","templated":true}]}}