{"id":456320,"date":"2025-10-12T01:26:13","date_gmt":"2025-10-12T01:26:13","guid":{"rendered":"https:\/\/www.europesays.com\/fr\/456320\/"},"modified":"2025-10-12T01:26:13","modified_gmt":"2025-10-12T01:26:13","slug":"le-metropolite-antoine-de-borispol-et-de-brovary-le-mouvement-autocephale-en-ukraine-au-xx%e1%b5%89-siecle-et-son-contexte-politique","status":"publish","type":"post","link":"https:\/\/www.europesays.com\/fr\/456320\/","title":{"rendered":"Le m\u00e9tropolite Antoine de Borispol et de Brovary : \u00ab Le mouvement autoc\u00e9phale en Ukraine au XX\u1d49 si\u00e8cle et son contexte politique \u00bb"},"content":{"rendered":"<p>Dans un article dat\u00e9 du 6 octobre 2025, le m\u00e9tropolite Antoine, chancelier de l\u2019\u00c9glise orthodoxe ukrainienne sous l\u2019omophore du m\u00e9tropolite de Kiev Onuphre, retrace dans ses grandes lignes l\u2019histoire de la question de l\u2019autoc\u00e9phalie en Ukraine. Nous publions cet article ci-apr\u00e8s, in extenso\u00a0: La dimension politique du d\u00e9sir d\u2019autoc\u00e9phalie de l\u2019\u00c9glise orthodoxe ukrainienne au XXe si\u00e8cle est l\u2019un des ph\u00e9nom\u00e8nes les plus complexes de l\u2019histoire moderne de l\u2019\u00c9glise. D\u2019une part,<\/p>\n<p>\t\t\t\t&#13;<br \/>\nLa suite de l&rsquo;article est r\u00e9serv\u00e9e aux abonn\u00e9s d&rsquo;Orthodoxie.com!&#13;<\/p>\n<p>Pour acc\u00e9der \u00e0 un nombre illimit\u00e9 d&rsquo;articles complets, veuillez :<\/p>\n<p>&#13;<br \/>\n&#13;<\/p>\n<p style=\"margin-top: 20px\">D\u00e9j\u00e0 connect\u00e9 ? Veuillez <a href=\"https:\/\/orthodoxie.com\/le-metropolite-antoine-de-borispol-et-de-brovary-le-mouvement-autocephale-en-ukraine-au-xx%E1%B5%89-siecle-et-son-contexte-politique\/.?bienvenue=\" style=\"color: #aa3d1c;font-weight: bold\" rel=\"nofollow noopener\" target=\"_blank\">cliquer ici<\/a> pour rafra\u00eechir la page. <\/p>\n<p>&#13;<\/p>\n","protected":false},"excerpt":{"rendered":"Dans un article dat\u00e9 du 6 octobre 2025, le m\u00e9tropolite Antoine, chancelier de l\u2019\u00c9glise orthodoxe ukrainienne sous l\u2019omophore&hellip;\n","protected":false},"author":2,"featured_media":456321,"comment_status":"","ping_status":"","sticky":false,"template":"","format":"standard","meta":{"footnotes":""},"categories":[1590],"tags":[11,1777,674,12,220],"class_list":{"0":"post-456320","1":"post","2":"type-post","3":"status-publish","4":"format-standard","5":"has-post-thumbnail","7":"category-ukraine","8":"tag-actualites","9":"tag-eu","10":"tag-europe","11":"tag-news","12":"tag-ukraine"},"share_on_mastodon":{"url":"https:\/\/pubeurope.com\/@fr\/115358596267662303","error":""},"_links":{"self":[{"href":"https:\/\/www.europesays.com\/fr\/wp-json\/wp\/v2\/posts\/456320","targetHints":{"allow":["GET"]}}],"collection":[{"href":"https:\/\/www.europesays.com\/fr\/wp-json\/wp\/v2\/posts"}],"about":[{"href":"https:\/\/www.europesays.com\/fr\/wp-json\/wp\/v2\/types\/post"}],"author":[{"embeddable":true,"href":"https:\/\/www.europesays.com\/fr\/wp-json\/wp\/v2\/users\/2"}],"replies":[{"embeddable":true,"href":"https:\/\/www.europesays.com\/fr\/wp-json\/wp\/v2\/comments?post=456320"}],"version-history":[{"count":0,"href":"https:\/\/www.europesays.com\/fr\/wp-json\/wp\/v2\/posts\/456320\/revisions"}],"wp:featuredmedia":[{"embeddable":true,"href":"https:\/\/www.europesays.com\/fr\/wp-json\/wp\/v2\/media\/456321"}],"wp:attachment":[{"href":"https:\/\/www.europesays.com\/fr\/wp-json\/wp\/v2\/media?parent=456320"}],"wp:term":[{"taxonomy":"category","embeddable":true,"href":"https:\/\/www.europesays.com\/fr\/wp-json\/wp\/v2\/categories?post=456320"},{"taxonomy":"post_tag","embeddable":true,"href":"https:\/\/www.europesays.com\/fr\/wp-json\/wp\/v2\/tags?post=456320"}],"curies":[{"name":"wp","href":"https:\/\/api.w.org\/{rel}","templated":true}]}}