{"id":456329,"date":"2025-10-12T01:31:11","date_gmt":"2025-10-12T01:31:11","guid":{"rendered":"https:\/\/www.europesays.com\/fr\/456329\/"},"modified":"2025-10-12T01:31:11","modified_gmt":"2025-10-12T01:31:11","slug":"union-europeenne-empreintes-digitales-et-photos-exigees-pour-les-voyageurs-non-europeens","status":"publish","type":"post","link":"https:\/\/www.europesays.com\/fr\/456329\/","title":{"rendered":"Union europ\u00e9enne : empreintes digitales et photos exig\u00e9es pour les voyageurs non-europ\u00e9ens"},"content":{"rendered":"<p>            &#13;<br \/>\n                &#13;<\/p>\n<p>            Publicit\u00e9<br \/>masqu\u00e9e<\/p>\n<p class=\"block-subscription__card-content\">Nos abonn\u00e9s b\u00e9n\u00e9ficient d&rsquo;une navigation fluide sans bandeaux publicitaires pour une meilleure lecture de nos contenus.<\/p>\n<p>            &#13;<br \/>\n                &#13;<\/p>\n<p>            Pseudonyme<br \/>r\u00e9serv\u00e9<\/p>\n<p class=\"block-subscription__card-content\">Votre pseudonyme est valid\u00e9 \u00e0 partir de votre adresse mail, emp\u00eachant qu&rsquo;un autre lecteur publie un commentaire \u00e0 votre place.<\/p>\n<p>            &#13;<br \/>\n                &#13;<\/p>\n<p>            Commentaire<br \/>instantan\u00e9<\/p>\n<p class=\"block-subscription__card-content\">Votre commentaire est publi\u00e9 instantan\u00e9ment. Les commentaires des non-abonn\u00e9s ne sont publi\u00e9s qu&rsquo;apr\u00e8s mod\u00e9ration par notre \u00e9quipe.<\/p>\n","protected":false},"excerpt":{"rendered":"&#13; &#13; Publicit\u00e9masqu\u00e9e Nos abonn\u00e9s b\u00e9n\u00e9ficient d&rsquo;une navigation fluide sans bandeaux publicitaires pour une meilleure lecture de nos&hellip;\n","protected":false},"author":2,"featured_media":456330,"comment_status":"","ping_status":"","sticky":false,"template":"","format":"standard","meta":{"footnotes":""},"categories":[1586],"tags":[11,1777,674,1779,1011,27,12,25,1778,364],"class_list":{"0":"post-456329","1":"post","2":"type-post","3":"status-publish","4":"format-standard","5":"has-post-thumbnail","7":"category-europe","8":"tag-actualites","9":"tag-eu","10":"tag-europe","11":"tag-european-union","12":"tag-fr","13":"tag-france","14":"tag-news","15":"tag-republique-francaise","16":"tag-ue","17":"tag-union-europeenne"},"share_on_mastodon":{"url":"https:\/\/pubeurope.com\/@fr\/115358615808100156","error":""},"_links":{"self":[{"href":"https:\/\/www.europesays.com\/fr\/wp-json\/wp\/v2\/posts\/456329","targetHints":{"allow":["GET"]}}],"collection":[{"href":"https:\/\/www.europesays.com\/fr\/wp-json\/wp\/v2\/posts"}],"about":[{"href":"https:\/\/www.europesays.com\/fr\/wp-json\/wp\/v2\/types\/post"}],"author":[{"embeddable":true,"href":"https:\/\/www.europesays.com\/fr\/wp-json\/wp\/v2\/users\/2"}],"replies":[{"embeddable":true,"href":"https:\/\/www.europesays.com\/fr\/wp-json\/wp\/v2\/comments?post=456329"}],"version-history":[{"count":0,"href":"https:\/\/www.europesays.com\/fr\/wp-json\/wp\/v2\/posts\/456329\/revisions"}],"wp:featuredmedia":[{"embeddable":true,"href":"https:\/\/www.europesays.com\/fr\/wp-json\/wp\/v2\/media\/456330"}],"wp:attachment":[{"href":"https:\/\/www.europesays.com\/fr\/wp-json\/wp\/v2\/media?parent=456329"}],"wp:term":[{"taxonomy":"category","embeddable":true,"href":"https:\/\/www.europesays.com\/fr\/wp-json\/wp\/v2\/categories?post=456329"},{"taxonomy":"post_tag","embeddable":true,"href":"https:\/\/www.europesays.com\/fr\/wp-json\/wp\/v2\/tags?post=456329"}],"curies":[{"name":"wp","href":"https:\/\/api.w.org\/{rel}","templated":true}]}}