{"id":456336,"date":"2025-10-12T01:37:13","date_gmt":"2025-10-12T01:37:13","guid":{"rendered":"https:\/\/www.europesays.com\/fr\/456336\/"},"modified":"2025-10-12T01:37:13","modified_gmt":"2025-10-12T01:37:13","slug":"rugby-scapulaire-fabien-galthie-il-est-different-interessant-et-le-joueur-de-rugby-a-incontestablement-du-talent","status":"publish","type":"post","link":"https:\/\/www.europesays.com\/fr\/456336\/","title":{"rendered":"Rugby Scapulaire &#8211; Fabien Galthi\u00e9 : \u00ab\u00a0Il est diff\u00e9rent, int\u00e9ressant et le joueur de rugby a incontestablement du talent\u00a0\u00bb"},"content":{"rendered":"<p>\u00a0<\/p>\n<p>Interrog\u00e9 par <a href=\"https:\/\/www.sudouest.fr\/sport\/rugby\/xv-de-france\/entretien-fabien-galthie-a-sud-ouest-pour-beaucoup-de-joueurs-ce-sera-l-occasion-de-se-reveler-26237475.php\" rel=\"nofollow noopener\" target=\"_blank\"><br \/>\nSud-Ouest<\/a>, le s\u00e9lectionneur national, <strong>Fabien<br \/>\nGalthi\u00e9<\/strong>, s\u2019est confi\u00e9 sur le profil de notre demi<br \/>\nd\u2019ouverture, <strong>Matthieu Jalibert<\/strong>, et son aventure<br \/>\nqui n\u2019est pas lin\u00e9aire avec le XV de France :<\/p>\n<blockquote>\n<p>\u201cSur 63 test-matchs possibles, je lui ai donn\u00e9 34 s\u00e9lections :<br \/>\n\u00e7a veut dire quoi selon vous ? [\u2026] C\u2019est d\u00e9j\u00e0 pas mal. Ensuite, il<br \/>\ny a de l\u2019\u00e9mulation et de la concurrence. Nous prenons des d\u00e9cisions<br \/>\nqui sont tr\u00e8s claires et coh\u00e9rentes pour nous [\u2026] D\u2019abord, c\u2019est<br \/>\nune personnalit\u00e9 que j\u2019appr\u00e9cie. Il est diff\u00e9rent, int\u00e9ressant et<br \/>\nle joueur de rugby a incontestablement du talent. En plus, il est<br \/>\ndans l\u2019\u00e9quipe qui performe le plus avec Toulouse actuellement. Je<br \/>\nne cherche pas des joueurs conformistes, je veux qu\u2019ils aient une<br \/>\ngrande motivation pour porter le maillot de l\u2019\u00e9quipe de France,<br \/>\nqu\u2019ils aient une grande confiance en eux-m\u00eames et dans les autres<br \/>\nainsi que dans le projet collectif. Et qu\u2019ils soient heureux de<br \/>\nvivre avec nous. Quand je les prends, je prends le temps de<br \/>\ndiscuter avec eux. Et, souvent, ils savent o\u00f9 ils en sont au<br \/>\nd\u00e9part. Ils ne le d\u00e9couvrent pas quand ils prennent les chasubles<br \/>\nle mardi \u00e0 l\u2019entra\u00eenement. Je pr\u00e9f\u00e8re \u00e9viter toute cette charge<br \/>\n\u00e9motionnelle qui peut perturber l\u2019\u00e9quipe et la traiter en amont.<br \/>\n<strong>Matthieu<\/strong> peut \u00eatre fier de son parcours ! En<br \/>\n\u00e9quipe de France, ce n\u2019est jamais lin\u00e9aire\u201d.<\/p>\n<\/blockquote>\n","protected":false},"excerpt":{"rendered":"\u00a0 Interrog\u00e9 par Sud-Ouest, le s\u00e9lectionneur national, Fabien Galthi\u00e9, s\u2019est confi\u00e9 sur le profil de notre demi d\u2019ouverture,&hellip;\n","protected":false},"author":2,"featured_media":79769,"comment_status":"","ping_status":"","sticky":false,"template":"","format":"standard","meta":{"footnotes":""},"categories":[1416],"tags":[1011,27,479,1468,60],"class_list":{"0":"post-456336","1":"post","2":"type-post","3":"status-publish","4":"format-standard","5":"has-post-thumbnail","7":"category-rugby","8":"tag-fr","9":"tag-france","10":"tag-rugby","11":"tag-rugby-football","12":"tag-sports"},"share_on_mastodon":{"url":"https:\/\/pubeurope.com\/@fr\/115358639295867327","error":""},"_links":{"self":[{"href":"https:\/\/www.europesays.com\/fr\/wp-json\/wp\/v2\/posts\/456336","targetHints":{"allow":["GET"]}}],"collection":[{"href":"https:\/\/www.europesays.com\/fr\/wp-json\/wp\/v2\/posts"}],"about":[{"href":"https:\/\/www.europesays.com\/fr\/wp-json\/wp\/v2\/types\/post"}],"author":[{"embeddable":true,"href":"https:\/\/www.europesays.com\/fr\/wp-json\/wp\/v2\/users\/2"}],"replies":[{"embeddable":true,"href":"https:\/\/www.europesays.com\/fr\/wp-json\/wp\/v2\/comments?post=456336"}],"version-history":[{"count":0,"href":"https:\/\/www.europesays.com\/fr\/wp-json\/wp\/v2\/posts\/456336\/revisions"}],"wp:featuredmedia":[{"embeddable":true,"href":"https:\/\/www.europesays.com\/fr\/wp-json\/wp\/v2\/media\/79769"}],"wp:attachment":[{"href":"https:\/\/www.europesays.com\/fr\/wp-json\/wp\/v2\/media?parent=456336"}],"wp:term":[{"taxonomy":"category","embeddable":true,"href":"https:\/\/www.europesays.com\/fr\/wp-json\/wp\/v2\/categories?post=456336"},{"taxonomy":"post_tag","embeddable":true,"href":"https:\/\/www.europesays.com\/fr\/wp-json\/wp\/v2\/tags?post=456336"}],"curies":[{"name":"wp","href":"https:\/\/api.w.org\/{rel}","templated":true}]}}