{"id":456339,"date":"2025-10-12T01:40:39","date_gmt":"2025-10-12T01:40:39","guid":{"rendered":"https:\/\/www.europesays.com\/fr\/456339\/"},"modified":"2025-10-12T01:40:39","modified_gmt":"2025-10-12T01:40:39","slug":"horaires-et-diffusion-tv-du-grand-prix-dallemagne-2025-ainsi-que-des-codes-promo-sur-les-produits-officiels","status":"publish","type":"post","link":"https:\/\/www.europesays.com\/fr\/456339\/","title":{"rendered":"horaires et diffusion TV du Grand Prix d\u2019Allemagne 2025 ainsi que des codes promo sur les produits officiels !"},"content":{"rendered":"<p class=\"paragraph text_align_left lp-f-body-02\">Le <b>circuit du Sachsenring<\/b> accueille une nouvelle manche du championnat du monde <b>MotoGP 2025<\/b>. Pour le moment, ce sont <b>Marc et Alex Marquez<\/b> qui dominent la saison. Mais maintiendront-ils leurs aussi bonnes performances sur ce circuit ? Qui finira sur le podium ? R\u00e9ponse ce week-end ! Et pour les fans de moto, des <b>codes promo<\/b> sont \u00e9galement propos\u00e9s par les boutiques officielles. Id\u00e9al pour vous offrir du <b>merch officiel MotoGP pas cher<\/b>. <b>Cha\u00eenes et heures de diffusion TV, bons plans et codes promo<\/b> sur les produits d\u00e9riv\u00e9s\u2026 <a href=\"https:\/\/www.leparisien.fr\/codes-promo\/\" target=\"_blank\" rel=\"dofollow noopener\">Le Parisien Codes Promo<\/a> vous dit tout !<\/p>\n<p>O\u00f9 regarder le Grand Prix MotoGP d\u2019Allemagne ce week-end ?<\/p>\n<p class=\"paragraph text_align_left lp-f-body-02\">Le <b>Grand Prix d\u2019Allemagne <\/b>se d\u00e9roule du <b>vendredi 11 au dimanche 13 juillet 2025<\/b>. Voici les horaires principaux \u00e0 retenir pour ne rien rater du spectacle :<\/p>\n<p class=\"paragraph text_align_left lp-f-body-02\">Vendredi 11 juillet 2025 : <\/p>\n<ul class=\"margin_bottom_md fs_18_26 fs_20_28_ad blue-dot\">\n<li class=\"mb_150 pl_325\"><b>Essais libres 1<\/b> : 10 h 35 sur Canal+ Sport 360.<\/li>\n<li class=\"mb_150 pl_325\"><b>Essais<\/b> : 14 h 50 sur Canal+ Sport 360.<\/li>\n<\/ul>\n<p class=\"paragraph text_align_left lp-f-body-02\">Samedi 12 juillet 2025 : <\/p>\n<ul class=\"margin_bottom_md fs_18_26 fs_20_28_ad blue-dot\">\n<li class=\"mb_150 pl_325\"><b>Essais libres 2<\/b> : 10 h 00 sur Canal+ Sport 360.<\/li>\n<li class=\"mb_150 pl_325\"><b>Qualifs<\/b> : 10 h 45 sur Canal+ Sport 360.<\/li>\n<li class=\"mb_150 pl_325\"><b>Course Sprint<\/b> : 15 h 00 sur Canal+ Sport 360.<\/li>\n<\/ul>\n<p class=\"paragraph text_align_left lp-f-body-02\">Dimanche 13 juillet 2025 : <\/p>\n<ul class=\"margin_bottom_md fs_18_26 fs_20_28_ad blue-dot\">\n<li class=\"mb_150 pl_325\"><b>Course<\/b> : 14 h 00 sur Canal+.<\/li>\n<\/ul>\n<p class=\"paragraph text_align_left lp-f-body-02\">Si vous souhaitez suivre le GP Moto en direct, il vous faut donc un <b>abonnement Canal+<\/b>. Outre <a href=\"https:\/\/www.leparisien.fr\/codes-promo\/marques\/canal-plus.php?cp=481061\" target=\"_blank\" rel=\"dofollow noopener\">l\u2019offre de parrainage<\/a> vous permettant d\u2019\u00e9conomiser 50 \u20ac, les moins de 26 ans peuvent profiter de <a href=\"https:\/\/www.leparisien.fr\/codes-promo\/marques\/canal-plus.php?cp=499885\" target=\"_blank\" rel=\"dofollow noopener\"><b>l\u2019offre RAT+ Sport \u00e0 19,99\u20ac\/mois<\/b> au lieu de 45,99\u20ac\/mois<\/a> !<\/p>\n<p>Codes promo sur les produits officiels MotoGP<\/p>\n<p class=\"paragraph text_align_left lp-f-body-02\">Supporters de <b>Ducati<\/b>, <b>Yamaha<\/b>, <b>KTM<\/b> ou <b>Aprilia<\/b> : le merch officiel est accessible \u00e0 prix r\u00e9duit, en ce moment, sur plusieurs boutiques. <b>Casquettes, t-shirts, vestes, miniatures ou accessoires<\/b>\u2026 c\u2019est le moment de compl\u00e9ter votre collection !<\/p>\n<p class=\"paragraph text_align_left lp-f-body-02\">Voici quelques offres disponibles actuellement : <\/p>\n<ul class=\"margin_bottom_md fs_18_26 fs_20_28_ad blue-dot\">\n<li class=\"mb_150 pl_325\"><b>MotoGP Store<\/b> : jusqu\u2019\u00e0 -50 % sur une s\u00e9lection de produits avec <a href=\"https:\/\/www.leparisien.fr\/codes-promo\/marques\/motogp-store.php?cp=500814\" target=\"_blank\" rel=\"dofollow noopener\">ce code promo<\/a>.<\/li>\n<li class=\"mb_150 pl_325\"><b>Fanatics<\/b> : jusqu\u2019\u00e0 50 % de remise sur de nombreux articles gr\u00e2ce \u00e0 <a href=\"https:\/\/www.leparisien.fr\/codes-promo\/marques\/fanatics.php?cp=500268\" target=\"_blank\" rel=\"dofollow noopener\">ce code avantage<\/a>.<\/li>\n<li class=\"mb_150 pl_325\"><b>Eneba<\/b> : -12 % extra sur MotoGP 25 avec <a href=\"https:\/\/www.leparisien.fr\/codes-promo\/marques\/eneba.php?cp=500796\" target=\"_blank\" rel=\"dofollow noopener\">ce coupon<\/a> (valable sur le jeu d\u00e9j\u00e0 en promotion !).<\/li>\n<\/ul>\n<p class=\"paragraph text_align_left lp-f-body-02\">N\u2019attendez pas trop : certaines offres expirent bient\u00f4t, et les stocks ne sont pas illimit\u00e9s ! C\u2019est le moment de vous offrir des <b>goodies MotoGP pas chers<\/b> et de montrer votre soutien \u00e0 vos pilotes favoris. Et bon week-end de course !<\/p>\n","protected":false},"excerpt":{"rendered":"Le circuit du Sachsenring accueille une nouvelle manche du championnat du monde MotoGP 2025. Pour le moment, ce&hellip;\n","protected":false},"author":2,"featured_media":456340,"comment_status":"","ping_status":"","sticky":false,"template":"","format":"standard","meta":{"footnotes":""},"categories":[1413],"tags":[677,11769,1011,27,1457,1456,1858,60],"class_list":{"0":"post-456339","1":"post","2":"type-post","3":"status-publish","4":"format-standard","5":"has-post-thumbnail","7":"category-moto","8":"tag-bons-plans","9":"tag-codes-promo","10":"tag-fr","11":"tag-france","12":"tag-moto","13":"tag-motocycle","14":"tag-services","15":"tag-sports"},"share_on_mastodon":{"url":"https:\/\/pubeurope.com\/@fr\/115358651098192764","error":""},"_links":{"self":[{"href":"https:\/\/www.europesays.com\/fr\/wp-json\/wp\/v2\/posts\/456339","targetHints":{"allow":["GET"]}}],"collection":[{"href":"https:\/\/www.europesays.com\/fr\/wp-json\/wp\/v2\/posts"}],"about":[{"href":"https:\/\/www.europesays.com\/fr\/wp-json\/wp\/v2\/types\/post"}],"author":[{"embeddable":true,"href":"https:\/\/www.europesays.com\/fr\/wp-json\/wp\/v2\/users\/2"}],"replies":[{"embeddable":true,"href":"https:\/\/www.europesays.com\/fr\/wp-json\/wp\/v2\/comments?post=456339"}],"version-history":[{"count":0,"href":"https:\/\/www.europesays.com\/fr\/wp-json\/wp\/v2\/posts\/456339\/revisions"}],"wp:featuredmedia":[{"embeddable":true,"href":"https:\/\/www.europesays.com\/fr\/wp-json\/wp\/v2\/media\/456340"}],"wp:attachment":[{"href":"https:\/\/www.europesays.com\/fr\/wp-json\/wp\/v2\/media?parent=456339"}],"wp:term":[{"taxonomy":"category","embeddable":true,"href":"https:\/\/www.europesays.com\/fr\/wp-json\/wp\/v2\/categories?post=456339"},{"taxonomy":"post_tag","embeddable":true,"href":"https:\/\/www.europesays.com\/fr\/wp-json\/wp\/v2\/tags?post=456339"}],"curies":[{"name":"wp","href":"https:\/\/api.w.org\/{rel}","templated":true}]}}