{"id":456347,"date":"2025-10-12T01:44:11","date_gmt":"2025-10-12T01:44:11","guid":{"rendered":"https:\/\/www.europesays.com\/fr\/456347\/"},"modified":"2025-10-12T01:44:11","modified_gmt":"2025-10-12T01:44:11","slug":"mort-de-diane-keaton-actrice-oscarisee-pour-annie-hall-a-lage-de-79-ans","status":"publish","type":"post","link":"https:\/\/www.europesays.com\/fr\/456347\/","title":{"rendered":"Mort de Diane Keaton, actrice oscaris\u00e9e pour \u00ab\u00a0Annie Hall\u00a0\u00bb, \u00e0 l&rsquo;\u00e2ge de 79 ans"},"content":{"rendered":"<ul class=\"jsx-862013697 ArticleChapo__List\">\n<li class=\"jsx-862013697 ArticleChapo__List_Item flex\">L&rsquo;actrice am\u00e9ricaine Diane Keaton est d\u00e9c\u00e9d\u00e9e ce samedi 11 octobre \u00e0 l&rsquo;\u00e2ge de 79 ans, annonce son porte-parole au magazine \u00ab\u00a0People\u00a0\u00bb.<\/li>\n<li class=\"jsx-862013697 ArticleChapo__List_Item flex\">L\u00e9gende de Hollywood, elle comptait plus de 70 films \u00e0 son actif dont le cultissime \u00ab\u00a0Annie Hall\u00a0\u00bb pour lequel elle avait remport\u00e9 un Oscar.<\/li>\n<\/ul>\n<p data-module=\"article-paragraph\" class=\"jsx-3046738180 Paragraph Paragraph__End\">Elle \u00e9tait l&rsquo;un des sourires les plus radieux du cin\u00e9ma am\u00e9ricain. L&rsquo;actrice Diane Keaton est d\u00e9c\u00e9d\u00e9e en Californie ce samedi 11 octobre \u00e0 l&rsquo;\u00e2ge de 79 ans, annonce son porte-parole au magazine People.\u00a0\u00ab\u00a0Ses proches appellent au respect de leur vie priv\u00e9e\u00a0\u00bb, pr\u00e9cise la publication qui ne donne pas plus d&rsquo;informations sur les circonstances de la mort de la star. L\u00e9gende de Hollywood, elle comptait plus de 70 films \u00e0 son actif dont Le Parrain o\u00f9 elle joue la femme d&rsquo;Al Pacino et le cultissime Annie Hall pour lequel elle avait remport\u00e9 un Oscar de la meilleure actrice en 1978.<\/p>\n<p>4 nominations aux Oscars<\/p>\n<p data-module=\"article-paragraph\" class=\"jsx-3046738180 Paragraph Paragraph__End\">Diane Keaton avait fait ses d\u00e9buts \u00e0 Hollywood dans Lune de miel aux orties en 1970. Sa longue filmographie inclut de nombreux succ\u00e8s de Woody Allen, dont elle est rest\u00e9e l&rsquo;amie apr\u00e8s avoir longtemps \u00e9t\u00e9 la compagne, la muse et l&rsquo;actrice f\u00e9tiche. Elle sera nomm\u00e9e trois fois aux Oscars par la suite, pour Reds, film sorti en 1981, Simples Secrets (1996), et Tout peut arriver (2003). Ces derni\u00e8res ann\u00e9es, elle avait partag\u00e9 l&rsquo;affiche de plusieurs com\u00e9dies centr\u00e9es sur des copines septuag\u00e9naires aux c\u00f4t\u00e9s de Jane Fonda comme Le Book Club et 80 for Brady.<\/p>\n<p><a href=\"https:\/\/www.tf1info.fr\/culture\/ainsi-va-la-vie-michael-douglas-et-diane-keaton-s-aiment-enfin-au-cinema-2003044.html\" rel=\"noopener\" class=\"jsx-3308031228 Link flex\" target=\"_blank\"><img decoding=\"async\" src=\"https:\/\/www.europesays.com\/fr\/wp-content\/uploads\/2025\/10\/and_so_it_goes_43008758_st_4_s-high-cd0618-0@1x.jpeg\" alt=\"Dark Star\" loading=\"lazy\" importance=\"low\" fetchpriority=\"low\" class=\"\" aria-hidden=\"true\"\/><\/p>\n<p class=\"jsx-3657663356 ReadMoreArticle__Title\">Lire aussi<\/p>\n<p class=\"jsx-3657663356\">\u00ab\u00a0Ainsi va la vie\u00a0\u00bb : Michael Douglas et Diane Keaton s\u2019aiment enfin&#8230; au cin\u00e9ma !<\/p>\n<p><\/a><\/p>\n<p data-module=\"article-paragraph\" class=\"jsx-3046738180 Paragraph\">Dans un entretien \u00e0 l&rsquo;AFP \u00e0 l&rsquo;occasion de la sortie de ce dernier, Diane Keaton avait d\u00e9clar\u00e9 ne pas penser \u00e0 la vieillesse ou \u00e0 la retraite. \u00ab\u00a0Et si jamais plus personne ne m&rsquo;appelle (pour tourner), j&rsquo;ai plein de hobbies qui me passionnent pour occuper mon temps\u00a0\u00bb, avait-elle affirm\u00e9. Jamais mari\u00e9e, m\u00e8re de deux enfants adoptifs, elle avait dit \u00e9galement n&rsquo;avoir aucun regret, y compris dans sa vie personnelle.<\/p>\n<p data-module=\"article-paragraph\" class=\"jsx-3046738180 Paragraph Paragraph__End\">\u00a0\u00ab\u00a0Je crois que je suis l&rsquo;une des rares femmes c\u00e9libataires de mon \u00e2ge \u00e0 avoir fait des films sans s&rsquo;\u00eatre mari\u00e9e, peut-\u00eatre que je suis une anomalie?\u00a0\u00bb, avait plaisant\u00e9 l&rsquo;actrice, qui a eu de longues histoires d&rsquo;amour avec des stars comme Warren Beatty et Al Pacino. \u00ab\u00a0Je ne suis pas malheureuse!\u00a0\u00bb, avait-elle conclu. Pour son dernier r\u00f4le au cin\u00e9ma, en 2024, Diane Keaton avait partag\u00e9 l&rsquo;affiche de Summer Camp avec Kathy Bates et Alfre Woodard.<\/p>\n<p>D.D.F. avec AFP<\/p>\n","protected":false},"excerpt":{"rendered":"L&rsquo;actrice am\u00e9ricaine Diane Keaton est d\u00e9c\u00e9d\u00e9e ce samedi 11 octobre \u00e0 l&rsquo;\u00e2ge de 79 ans, annonce son porte-parole&hellip;\n","protected":false},"author":2,"featured_media":456348,"comment_status":"","ping_status":"","sticky":false,"template":"","format":"standard","meta":{"footnotes":""},"categories":[1359],"tags":[1111,11,1921,650,58,59,1011,27,2137,1922,2041,973,133,2040],"class_list":{"0":"post-456347","1":"post","2":"type-post","3":"status-publish","4":"format-standard","5":"has-post-thumbnail","7":"category-people","8":"tag-actu","9":"tag-actualites","10":"tag-article-video","11":"tag-cinema","12":"tag-divertissement","13":"tag-entertainment","14":"tag-fr","15":"tag-france","16":"tag-hollywood","17":"tag-info","18":"tag-medias-et-divertissement","19":"tag-people","20":"tag-video","21":"tag-video-culture"},"share_on_mastodon":{"url":"https:\/\/pubeurope.com\/@fr\/115358666821057740","error":""},"_links":{"self":[{"href":"https:\/\/www.europesays.com\/fr\/wp-json\/wp\/v2\/posts\/456347","targetHints":{"allow":["GET"]}}],"collection":[{"href":"https:\/\/www.europesays.com\/fr\/wp-json\/wp\/v2\/posts"}],"about":[{"href":"https:\/\/www.europesays.com\/fr\/wp-json\/wp\/v2\/types\/post"}],"author":[{"embeddable":true,"href":"https:\/\/www.europesays.com\/fr\/wp-json\/wp\/v2\/users\/2"}],"replies":[{"embeddable":true,"href":"https:\/\/www.europesays.com\/fr\/wp-json\/wp\/v2\/comments?post=456347"}],"version-history":[{"count":0,"href":"https:\/\/www.europesays.com\/fr\/wp-json\/wp\/v2\/posts\/456347\/revisions"}],"wp:featuredmedia":[{"embeddable":true,"href":"https:\/\/www.europesays.com\/fr\/wp-json\/wp\/v2\/media\/456348"}],"wp:attachment":[{"href":"https:\/\/www.europesays.com\/fr\/wp-json\/wp\/v2\/media?parent=456347"}],"wp:term":[{"taxonomy":"category","embeddable":true,"href":"https:\/\/www.europesays.com\/fr\/wp-json\/wp\/v2\/categories?post=456347"},{"taxonomy":"post_tag","embeddable":true,"href":"https:\/\/www.europesays.com\/fr\/wp-json\/wp\/v2\/tags?post=456347"}],"curies":[{"name":"wp","href":"https:\/\/api.w.org\/{rel}","templated":true}]}}