{"id":456351,"date":"2025-10-12T01:46:11","date_gmt":"2025-10-12T01:46:11","guid":{"rendered":"https:\/\/www.europesays.com\/fr\/456351\/"},"modified":"2025-10-12T01:46:11","modified_gmt":"2025-10-12T01:46:11","slug":"thomas-gunzig-a-mes-16-ans-je-me-suis-dit-que-je-netais-peut-etre-pas-lespece-de-gnome-insignifiant-quon-a-toujours-pretendu-que-jetais","status":"publish","type":"post","link":"https:\/\/www.europesays.com\/fr\/456351\/","title":{"rendered":"Thomas Gunzig : \u00ab\u00a0A mes 16 ans, je me suis dit que je n&rsquo;\u00e9tais peut-\u00eatre pas l&rsquo;esp\u00e8ce de gnome insignifiant qu&rsquo;on a toujours pr\u00e9tendu que j&rsquo;\u00e9tais\u00a0\u00bb"},"content":{"rendered":"<p>En \u00e9cole sp\u00e9cialis\u00e9e<\/p>\n<p class=\"text-left ap-StoryElement ap-StoryElement--mb ap-StoryText\">Il a six ans lorsque le diagnostic est tomb\u00e9 et garde en t\u00eate le \u00ab\u00a0vague souvenir\u00a0\u00bb d&rsquo;un bureau, d&rsquo;un rendez-vous chez un sp\u00e9cialiste \u2013 \u00ab\u00a0un psychologue ou un logop\u00e8de\u00a0\u00bb \u2013 et d&rsquo;un test relativement sommaire o\u00f9 il a \u00e9chou\u00e9. \u00ab\u00a0J&rsquo;ai d\u00fb avoir le malheur d&rsquo;\u00e9crire mon Z ou mon E \u00e0 l&rsquo;envers et d&rsquo;avoir eu du mal \u00e0 lire l&rsquo;heure.\u00a0\u00bb<\/p>\n<p class=\"text-left ap-StoryElement ap-StoryElement--mb ap-StoryText\">Le verdict : dyslexie. Un conseil dispens\u00e9 : l&rsquo;\u00e9cole sp\u00e9cialis\u00e9e. \u00c0 la rentr\u00e9e, le petit Thomas int\u00e8gre un \u00e9tablissement o\u00f9 sont regroup\u00e9s des enfants touch\u00e9s par des handicaps vari\u00e9s : la trisomie, des probl\u00e8mes psychomoteurs ou autres. \u00ab\u00a0Une esp\u00e8ce de grands fourre-tout avec des profs qui faisaient ce qu&rsquo;ils pouvaient pour que tout le monde garde la t\u00eate hors de l&rsquo;eau. Mes petits camarades et moi-m\u00eame \u00e9tions au courant qu&rsquo;on \u00e9tait en marge du syst\u00e8me classique et des autres enfants. On se consid\u00e9rait comme &lsquo;pas normaux&rsquo;, on regardait le monde des normaux de loin.\u00a0\u00bb<\/p>\n<p><a href=\"https:\/\/www.lalibre.be\/archives-journal\/2019\/10\/13\/stress-chronique-BBSORRWDXJEQNFGHFCDXPRS3NQ\/\" target=\"_blank\" rel=\"noopener noreferrer nofollow\" class=\"ap-StoryInterstitialLink ap-StoryElement ap-StoryElement--mb\">Stress chronique<\/a><\/p>\n<p class=\"text-left ap-StoryElement ap-StoryElement--mb ap-StoryText\">Un monde qu&rsquo;il r\u00e9int\u00e8gre en premi\u00e8re secondaire. Alors qu&rsquo;il \u00e9tait premier \u00ab\u00a0sans rien faire\u00a0\u00bb durant toute l&rsquo;\u00e9cole primaire, Thomas Gunzig se retrouve tout \u00e0 coup dans les limbes du classement. \u00ab\u00a0En primaire, c&rsquo;\u00e9taient des \u00e9tudes sommaires. Je n&rsquo;ai pas eu de cours de n\u00e9erlandais alors que j&rsquo;\u00e9tais \u00e0 Bruxelles, j&rsquo;ai \u00e0 peine eu des cours de fran\u00e7ais, je n&rsquo;ai quasi pas eu de cours de grammaire. En maths, cela se limitait \u00e0 des additions, des soustractions et des multiplications\u00a0\u00bb, liste-t-il. \u00ab\u00a0Je n&rsquo;ai jamais r\u00e9ussi \u00e0 rattraper mon retard.\u00a0\u00bb<\/p>\n<blockquote class=\"ap-StoryQuote ap-StoryQuote--pullquote\"><p>guillement<\/p>\n<p class=\"ap-StoryQuote-text\">\u00ab\u00a0Soudainement, j&rsquo;\u00e9tais dans les meilleurs. Celui dont on lisait les r\u00e9dactions en classe.<\/p>\n<\/blockquote>\n<p class=\"text-left ap-StoryElement ap-StoryElement--mb ap-StoryText\">Son adaptation dans l&rsquo;enseignement \u00ab\u00a0classique\u00a0\u00bb est d&rsquo;autant plus difficile que le chroniqueur matinal de la Premi\u00e8re, en d\u00e9calage aussi socialement, n&rsquo;a pas beaucoup de copains. \u00ab\u00a0Je venais d&rsquo;un environnement avec tout un tas de petits camarades un peu \u00e9tranges, un peu singuliers. J&rsquo;\u00e9tais vraiment tr\u00e8s seul \u00e0 ce moment-l\u00e0.\u00a0\u00bb<\/p>\n<p>R\u00e9fugi\u00e9 dans la SF<\/p>\n<p class=\"text-left ap-StoryElement ap-StoryElement--mb ap-StoryText\">Alors, il trouvera refuge dans les livres. De la science-fiction principalement d\u00e9vor\u00e9e dans la cour quand les autres jouent \u00e0 la marelle ou au foot. Ses lectures : Philippe K.Dick, Isaac Asimov ou Robert Silverberg. \u00ab\u00a0Je pense que \u00e7a a \u00e9t\u00e9 assez d\u00e9cisif dans la formation de mon imaginaire. Je n&rsquo;ai aucun probl\u00e8me pour lire, ni pour \u00e9crire. Dans le champ dyslexique, il y a beaucoup, beaucoup de choses. Ce que j&rsquo;ai, moi, c&rsquo;est une tr\u00e8s mauvaise orthographe\u2026\u00a0\u00bb<\/p>\n<p class=\"text-left ap-StoryElement ap-StoryElement--mb ap-StoryText\">La vie de Thomas Gunzig a \u00ab\u00a0bascul\u00e9\u00a0\u00bb apr\u00e8s l&rsquo;arriv\u00e9e d&rsquo;une professeure de fran\u00e7ais en quatri\u00e8me secondaire \u00e0 l&rsquo;Ath\u00e9n\u00e9e royale d&rsquo;Uccle 1. Mme De Pauw, aujourd&rsquo;hui d\u00e9c\u00e9d\u00e9e, a d\u00e9cid\u00e9 de ne plus tenir compte de ses fautes, mais d&rsquo;attacher, au contraire, de l&rsquo;importance \u00e0 \u00ab\u00a0la forme et aux choses\u00a0\u00bb.<\/p>\n<p class=\"text-left ap-StoryElement ap-StoryElement--mb ap-StoryText\">\u00ab\u00a0Soudainement, j&rsquo;\u00e9tais dans les meilleurs. Celui dont on lisait les r\u00e9dactions en classe. C&rsquo;est la premi\u00e8re forme de reconnaissance de ma vie. C&rsquo;est la premi\u00e8re fois, o\u00f9 je me suis dit : bah en fait, je ne suis peut-\u00eatre pas l&rsquo;esp\u00e8ce de gnome insignifiant qu&rsquo;on a toujours pr\u00e9tendu que j&rsquo;\u00e9tais. Peut-\u00eatre que je vaux quelque chose dans le domaine de l&rsquo;\u00e9crit, de la litt\u00e9rature\u00a0\u00bb, se rem\u00e9more l&rsquo;auteur qui est professeur \u00e0 La Cambre et \u00e0 Saint-Luc.<\/p>\n<p><a href=\"https:\/\/www.lalibre.be\/culture\/2023\/08\/29\/apres-lapocalypse-seule-une-famille-survit-ZAYPNWBXQRBFZAHJUXTRTAWARE\/\" target=\"_blank\" rel=\"noopener noreferrer nofollow\" class=\"ap-StoryInterstitialLink ap-StoryElement ap-StoryElement--mb\">\u00ab\u00a0Rocky, dernier rivage\u00a0\u00bb de Thomas Gunzig : apr\u00e8s l&rsquo;apocalypse, seule une famille survit<\/a><\/p>\n<p class=\"text-left ap-StoryElement ap-StoryElement--mb ap-StoryText\">L&rsquo;ann\u00e9e \u00ab\u00a0cl\u00e9\u00a0\u00bb de ses 16 ans, il commencera aussi \u00e0 partager des coups de c\u0153ur litt\u00e9raire avec d&rsquo;autres camarades et surtout \u00e0 \u00e9crire. \u00c0 55 ans, en veut-il \u00e0 ses parents ? \u00ab\u00a0Je me suis demand\u00e9 pourquoi ils n&rsquo;avaient pas plus r\u00e9sist\u00e9, pas demand\u00e9 un deuxi\u00e8me avis. Maintenant que je suis parent, que je vois \u00e0 quel point c&rsquo;est compliqu\u00e9, \u00e0 quel point on se trompe en permanence, je ne peux pas leur en vouloir\u00a0\u00bb, conclut celui dont le dernier livre \u2013 Rocky, dernier rivage publi\u00e9 en 2023 au Diable Vauvert \u2013 \u00e9tait un livre de SF. \u00ab\u00a0Celui que je r\u00eavais d&rsquo;\u00e9crire.\u00a0\u00bb<\/p>\n","protected":false},"excerpt":{"rendered":"En \u00e9cole sp\u00e9cialis\u00e9e Il a six ans lorsque le diagnostic est tomb\u00e9 et garde en t\u00eate le \u00ab\u00a0vague&hellip;\n","protected":false},"author":2,"featured_media":456352,"comment_status":"","ping_status":"","sticky":false,"template":"","format":"standard","meta":{"footnotes":""},"categories":[1357],"tags":[1379,6051,58,59,1011,27,1380],"class_list":{"0":"post-456351","1":"post","2":"type-post","3":"status-publish","4":"format-standard","5":"has-post-thumbnail","7":"category-livres","8":"tag-books","9":"tag-bruxelles-villes","10":"tag-divertissement","11":"tag-entertainment","12":"tag-fr","13":"tag-france","14":"tag-livres"},"share_on_mastodon":{"url":"https:\/\/pubeurope.com\/@fr\/115358674790222981","error":""},"_links":{"self":[{"href":"https:\/\/www.europesays.com\/fr\/wp-json\/wp\/v2\/posts\/456351","targetHints":{"allow":["GET"]}}],"collection":[{"href":"https:\/\/www.europesays.com\/fr\/wp-json\/wp\/v2\/posts"}],"about":[{"href":"https:\/\/www.europesays.com\/fr\/wp-json\/wp\/v2\/types\/post"}],"author":[{"embeddable":true,"href":"https:\/\/www.europesays.com\/fr\/wp-json\/wp\/v2\/users\/2"}],"replies":[{"embeddable":true,"href":"https:\/\/www.europesays.com\/fr\/wp-json\/wp\/v2\/comments?post=456351"}],"version-history":[{"count":0,"href":"https:\/\/www.europesays.com\/fr\/wp-json\/wp\/v2\/posts\/456351\/revisions"}],"wp:featuredmedia":[{"embeddable":true,"href":"https:\/\/www.europesays.com\/fr\/wp-json\/wp\/v2\/media\/456352"}],"wp:attachment":[{"href":"https:\/\/www.europesays.com\/fr\/wp-json\/wp\/v2\/media?parent=456351"}],"wp:term":[{"taxonomy":"category","embeddable":true,"href":"https:\/\/www.europesays.com\/fr\/wp-json\/wp\/v2\/categories?post=456351"},{"taxonomy":"post_tag","embeddable":true,"href":"https:\/\/www.europesays.com\/fr\/wp-json\/wp\/v2\/tags?post=456351"}],"curies":[{"name":"wp","href":"https:\/\/api.w.org\/{rel}","templated":true}]}}