{"id":456353,"date":"2025-10-12T01:47:24","date_gmt":"2025-10-12T01:47:24","guid":{"rendered":"https:\/\/www.europesays.com\/fr\/456353\/"},"modified":"2025-10-12T01:47:24","modified_gmt":"2025-10-12T01:47:24","slug":"mysteres-de-lamour-nouveau-jour-tout-pour-la-lumiere-avis-de-tempete-sur-les-feuilletons-tele-le-parisien","status":"publish","type":"post","link":"https:\/\/www.europesays.com\/fr\/456353\/","title":{"rendered":"\u00ab Myst\u00e8res de l\u2019amour \u00bb, \u00ab Nouveau jour \u00bb, \u00ab Tout pour la lumi\u00e8re \u00bb\u2026 Avis de temp\u00eate sur les feuilletons t\u00e9l\u00e9 &#8211; Le Parisien"},"content":{"rendered":"<ol>\n<li><a href=\"https:\/\/news.google.com\/rss\/articles\/CBMijAJBVV95cUxNblNieTRPOVVrMnpIX0MwV0ZHaWpvQllfdml2TnlVeXlwdDlGQ0FKek5Hc01uSDk1ZFl0emVsZG1yZnExTk5HZ2x4VFZRTUJwNk42LXlscXd1dFM0ZTZGUVRJOXpJUnBFNjh4cjE0a2t5YkMyR2pDb2JmZ3BrWENRRV9OYm5WYUNTblR1UVB1QzlXVm9nT1lpTVVsQnJDZlBqMWwxTk1oYUp6azNVMC1Ob1JieHpDaDlUN1JjaWJvSEthS1JCOGtBT2g4U0ZiZmNyd29vSm91TzJhYnRLbnlCVi0xcTFaUlJPd08xR1I3VXdMdzAtbkV6SXZlSW5KQXRtemk2NlpsTkxHeF9o?oc=5\" target=\"_blank\" rel=\"nofollow noopener\">\u00ab Myst\u00e8res de l\u2019amour \u00bb, \u00ab Nouveau jour \u00bb, \u00ab Tout pour la lumi\u00e8re \u00bb\u2026 Avis de temp\u00eate sur les feuilletons t\u00e9l\u00e9<\/a>&nbsp;&nbsp;Le Parisien<\/li>\n<li><a href=\"https:\/\/news.google.com\/rss\/articles\/CBMirwFBVV95cUxNRnR3SnNrTmFIdXU1bE9kQ0hrbDh0YWJEdmZmYmY1Q0tHaE00TDVTenZ0dUxOMjlTSjFGaUtWd3Z6TER0U0tRRV81MEFUeElkank0RHZLOE9BYXZ6QlktY2g0c295QUMzUnhSaVZBS2x4ZnhDcUtHRVNhck9IZmJxWkU3dVlhR3hjYmxCbl9vVmFYT2ZEeXB4RlNKc3ZBbkFiOUowQ3ZId3RiQWpwdUs0?oc=5\" target=\"_blank\" rel=\"nofollow noopener\">Fin des \u00ab Myst\u00e8res de l\u2019amour \u00bb sur TMC : souhaitez-vous une suite sur une autre cha\u00eene ?<\/a>&nbsp;&nbsp;20 Minutes<\/li>\n<li><a href=\"https:\/\/news.google.com\/rss\/articles\/CBMi5wFBVV95cUxOMVlGZmpfMTR6RTkxY3h6Z1ZpbEczcGtFSm84MTBneUFfMERVcUxJUGRFVF9hRGtvZjZ5dEJTN3Z6cm1zT3Z2eHIzbVdxUmJrajFQb0lvbFBZNjhPdlhCRzNnR3UxRmhEelpUb1ZnUkMwUFVKQ3lpa1Z1STZlSDBQNDgwamxiQ2tUemk3S25MRzVDdkJIZ1FLTC1EM05DWXBJR3FtZFhNeXpNTXljeEU3dzc2UUlSNW4ybWt2ZFBnUk12VjU0Umk0bGtvaTZlck9tVjNTQVVGdDBmM1hfMW5OQ0VjN0I1SW8?oc=5\" target=\"_blank\" rel=\"nofollow noopener\">Exclu. Les Myst\u00e8res de l\u2019amour, c\u2019est fini ! TF1 a d\u00e9cid\u00e9 de mettre fin \u00e0 la s\u00e9rie apr\u00e8s 14 ans d\u2019existence<\/a>&nbsp;&nbsp;programme-tv.net<\/li>\n<li><a href=\"https:\/\/news.google.com\/rss\/articles\/CBMivAFBVV95cUxOaDAybTdabkh6dUFYMFBNbzYxX1dFRG91U3VWZlR5M1ZYekk5UHdVNk1URWpTWjJ3VVB3bVI2T2VPaWtIYXAtNkIzM2x3OU16cWxna2RmY2daSUdhUWsyQVA1RlJ4UHNpcGlicjZNZ2E4Xy1DUmk3VVY5TGdYX2pBXy1DNVJabzN0elFocmtFX0Q3bzRIdDhzekRFODNVb0JYM0F2X0l0bVR1emxiUVZlNnRsRTZLYUtTLTY4Vw?oc=5\" target=\"_blank\" rel=\"nofollow noopener\">\u00ab\u00a0Les Myst\u00e8res de l&rsquo;amour\u00a0\u00bb: TF1 arr\u00eate la diffusion de la s\u00e9rie sur TMC<\/a>&nbsp;&nbsp;BFMTV<\/li>\n<li><a href=\"https:\/\/news.google.com\/rss\/articles\/CBMi4wFBVV95cUxQRGM2dHFDUmtjaFVrZ21kcFdhY2YzMXlrWDhzZmVTQWdmcW96bkNjbkxzSXFnQ1JJQ1ZlTDF5OWMtVlQ3S19xakU1Rk9MSW5IeEd0UGV4XzBRY0RpdXlpWE5CSTFFeFN6aXpSekxBWkNyOHJGUU5rUXFONW9sT1ZxZFpHVVVERG5TeFQ0STk2UUlTRVlkVkFBOEM1WThKbHJNazVULUNVZlEtU2FTRWlRVFJhbUVoc1NQM3ctbHZseE8zYzVPWVViV0RkTzZSdy1RbFFidVVGdERPNGFiLThnNW9KSQ?oc=5\" target=\"_blank\" rel=\"nofollow noopener\">\u00ab\u00a0Les Myst\u00e8res de l&rsquo;Amour\u00a0\u00bb avec les anciens d'\u00a0\u00bbH\u00e9l\u00e8ne et les gar\u00e7ons\u00a0\u00bb, c&rsquo;est fini sur TMC<\/a>&nbsp;&nbsp;La Provence<\/li>\n<\/ol>\n","protected":false},"excerpt":{"rendered":"\u00ab Myst\u00e8res de l\u2019amour \u00bb, \u00ab Nouveau jour \u00bb, \u00ab Tout pour la lumi\u00e8re \u00bb\u2026 Avis de temp\u00eate&hellip;\n","protected":false},"author":2,"featured_media":456354,"comment_status":"","ping_status":"","sticky":false,"template":"","format":"standard","meta":{"footnotes":""},"categories":[1356],"tags":[872,58,59,1011,27,252,2205,1364],"class_list":{"0":"post-456353","1":"post","2":"type-post","3":"status-publish","4":"format-standard","5":"has-post-thumbnail","7":"category-television","8":"tag-culture-et-loisirs","9":"tag-divertissement","10":"tag-entertainment","11":"tag-fr","12":"tag-france","13":"tag-television","14":"tag-television-medias","15":"tag-tv"},"share_on_mastodon":{"url":"https:\/\/pubeurope.com\/@fr\/115358678637831775","error":""},"_links":{"self":[{"href":"https:\/\/www.europesays.com\/fr\/wp-json\/wp\/v2\/posts\/456353","targetHints":{"allow":["GET"]}}],"collection":[{"href":"https:\/\/www.europesays.com\/fr\/wp-json\/wp\/v2\/posts"}],"about":[{"href":"https:\/\/www.europesays.com\/fr\/wp-json\/wp\/v2\/types\/post"}],"author":[{"embeddable":true,"href":"https:\/\/www.europesays.com\/fr\/wp-json\/wp\/v2\/users\/2"}],"replies":[{"embeddable":true,"href":"https:\/\/www.europesays.com\/fr\/wp-json\/wp\/v2\/comments?post=456353"}],"version-history":[{"count":0,"href":"https:\/\/www.europesays.com\/fr\/wp-json\/wp\/v2\/posts\/456353\/revisions"}],"wp:featuredmedia":[{"embeddable":true,"href":"https:\/\/www.europesays.com\/fr\/wp-json\/wp\/v2\/media\/456354"}],"wp:attachment":[{"href":"https:\/\/www.europesays.com\/fr\/wp-json\/wp\/v2\/media?parent=456353"}],"wp:term":[{"taxonomy":"category","embeddable":true,"href":"https:\/\/www.europesays.com\/fr\/wp-json\/wp\/v2\/categories?post=456353"},{"taxonomy":"post_tag","embeddable":true,"href":"https:\/\/www.europesays.com\/fr\/wp-json\/wp\/v2\/tags?post=456353"}],"curies":[{"name":"wp","href":"https:\/\/api.w.org\/{rel}","templated":true}]}}