{"id":456356,"date":"2025-10-12T01:49:12","date_gmt":"2025-10-12T01:49:12","guid":{"rendered":"https:\/\/www.europesays.com\/fr\/456356\/"},"modified":"2025-10-12T01:49:12","modified_gmt":"2025-10-12T01:49:12","slug":"guillermo-del-toro-choisit-paris-et-les-gobelins-pour-raviver-lanimation-en-stop-motion","status":"publish","type":"post","link":"https:\/\/www.europesays.com\/fr\/456356\/","title":{"rendered":"Guillermo Del Toro choisit Paris et Les Gobelins pour raviver l\u2019animation en \u201cstop motion\u201d"},"content":{"rendered":"\n<p class=\"article__chapeau\">Netflix soutient l\u2019ouverture prochaine, \u00e0 Paris, d\u2019un studio de formation au \u201cstop motion\u201d, une technique en voie de disparition. C\u2019est ce qu\u2019ont annonc\u00e9 hier le r\u00e9alisateur mexicain et l\u2019\u00e9cole des Gobelins.<\/p>\n<p>              <a href=\"https:\/\/www.europesays.com\/fr\/wp-content\/uploads\/2025\/10\/9932f00_upload-1-8q0zz3tgnmtj-000-78eb7dz.jpg\" data-pswp-width=\"\" data-pswp-height=\"\" class=\"media__hd\" target=\"_blank\">      <img decoding=\"async\" fetchpriority=\"high\" src=\"https:\/\/www.europesays.com\/fr\/wp-content\/uploads\/2025\/10\/9932f00_upload-1-8q0zz3tgnmtj-000-78eb7dz.jpg\" class=\"media__picture js-media-zoom-main \" alt=\"Guillermo Del Toro le 10\u00a0octobre \u00e0 l\u2019avant-premi\u00e8re parisienne de son nouveau film \u00ab\u00a0Frankenstein\u00a0\u00bb. \" title=\"STEPHANE DE SAKUTIN \/ AFP\"\/>      <\/p>\n<p class=\"media__legend\"> Guillermo Del Toro le 10\u00a0octobre \u00e0 l\u2019avant-premi\u00e8re parisienne de son nouveau film \u00ab\u00a0Frankenstein\u00a0\u00bb.   STEPHANE DE SAKUTIN \/ AFP  <\/p>\n<p>     <\/a>                    <\/p>\n<p class=\"author author--simple\">Par  <a class=\"author author--link\" href=\"https:\/\/www.telerama.fr\/recherche\/articles?q=Mathilde+Blotti%C3%A8re+avec+AFP\" rel=\"nofollow noopener\" target=\"_blank\"> Mathilde Blotti\u00e8re avec AFP <\/a>    <\/p>\n<p class=\"publication__date\">Publi\u00e9 le 11 octobre 2025 \u00e0 17h39<\/p>\n<p>   Partager   <\/p>\n<ul class=\"sharing-popin--results\">\n<li class=\"sharing-popin--item sharing-popin--item-container\"> Partage  <\/li>\n<li data-share=\"linkedin\" class=\"sharing-popin--item\">  LinkedIn <\/li>\n<li data-share=\"facebook\" class=\"sharing-popin--item\">  Facebook <\/li>\n<li data-share=\"mail\" data-social=\"mail\" class=\"sharing-popin--item\">  Envoyer par email <\/li>\n<li data-share=\"copy\" class=\"sharing-popin--item\">  Copier le lien <\/li>\n<\/ul>\n<p>        Favoris       <\/p>\n<p>                <a class=\"openapp__link\" data-event=\"click-open-app\" data-deep-link=\"tlrm:\/\/element?id=\/cinema\/guillermo-del-toro-choisit-paris-et-les-gobelins-pour-raviver-l-animation-en-stop-motion-7027792.php&amp;source=deeplink_site\">  Lire dans l&rsquo;application<br \/>\n  <\/a>                               <\/p>\n<p class=\"paragraph\">\u00c0 l\u2019\u00e8re de l\u2019IA, voici venu le retour en gr\u00e2ce du \u00ab\u00a0stop motion\u00a0\u00bb, l\u2019animation image par image d\u2019objets immobiles auxquels on donne l\u2019illusion du mouvement. Une technique \u00e0 l\u2019ancienne, que peu de r\u00e9alisateurs perp\u00e9tuent encore. Aujourd\u2019hui, \u00ab\u00a0 les personnes qui comptent dans le \u201cstop motion\u201d ont toutes plus de 50 ans \u00a0\u00bb, a observ\u00e9 Guillermo del Toro lors d\u2019un point presse \u00e0 Paris. Le cin\u00e9aste mexicain est \u00e0 l\u2019initiative de l\u2019ouverture prochaine, dans la capitale, d\u2019un studio de formation \u00e0 cette technique en voie de disparition. Gr\u00e2ce \u00e0 ce projet, qu\u2019il cofinance avec le soutien de Netflix, il esp\u00e8re faire \u00e9merger de nouveaux talents.<\/p>\n<p class=\"paragraph\">\u00ab\u00a0Nous envisageons ce futur studio pas seulement comme un espace de formation, mais aussi comme un laboratoire de cr\u00e9ation, un endroit o\u00f9 on peut tenter des exp\u00e9rimentations \u00bb, a d\u00e9taill\u00e9 la directrice g\u00e9n\u00e9rale des Gobelins, Val\u00e9rie Moatti, dans les locaux de l\u2019\u00e9cole. \u00ab\u00a0Le \u2018\u2018stop motion\u2019\u2019 est perp\u00e9tuellement en voie d\u2019extinction. Et il est perp\u00e9tuellement maintenu en vie par des gens un peu fous, c\u2019est un tout petit culte avec des gens tr\u00e8s d\u00e9vou\u00e9s \u00bb, s\u2019est amus\u00e9 Guillermo Del Toro, qui a r\u00e9alis\u00e9 le film d\u2019animation <a target=\"_blank\" href=\"https:\/\/www.telerama.fr\/cinema\/films\/pinocchio,n6587040.php\" rel=\"nofollow noopener\">Pinocchio<\/a> (2022) produit par Netflix avec cette technique.<\/p>\n<p>                Prot\u00e9ger l\u2019animation de l\u2019IA                       <\/p>\n<p class=\"paragraph\">\u00ab\u00a0\u00c0 une \u00e9poque o\u00f9 l\u2019intelligence artificielle peut s\u2019infiltrer dans toutes les autres formes d\u2019animation, (cet art) en est prot\u00e9g\u00e9, et c\u2019est tr\u00e8s bien \u00bb, a poursuivi le cin\u00e9aste. Selon lui, les \u00e9tudiants form\u00e9s \u00e0 l\u2019animation aujourd\u2019hui \u00ab\u00a0peuvent finir par faire une pub avec un yaourt qui fait du skateboard ou travailler sur un personnage secondaire d\u2019une grosse franchise \u00bb. Le \u2018\u2018stop motion\u2019\u2019, a-t-il d\u00e9fendu, garantit un espace de cr\u00e9ativit\u00e9 plus grand\u00a0: \u00ab\u00a0C\u2019est un art qui reste hautement exp\u00e9rimental. C\u2019est un peu la force rebelle dans le monde de l\u2019animation qui refuse de se rendre. \u00bb<\/p>\n<p class=\"paragraph\">\u00ab\u00a0 Le \u201cstop motion\u201d, c\u2019est la r\u00e9alisation de films\u00a0\u00bb, a compl\u00e9t\u00e9 le PDG de Netflix, Ted Sarandos, pr\u00e9sent aux Gobelins pour s\u2019adresser aux \u00e9tudiants, et qui soutient l\u2019aventure financi\u00e8rement. \u00ab\u00a0C\u2019est la conception des costumes, la conception des d\u00e9cors, l\u2019\u00e9clairage, la cam\u00e9ra, chaque discipline que vous utilisez pour faire un film, vous l\u2019utilisez dans l\u2019animation en \u201cstop motion\u201d\u00a0\u00bb , a-t-il soulign\u00e9. Les d\u00e9tails du projet &#8211; investissement, \u00e9quipements n\u00e9cessaires, taille du studio et date de son lancement &#8211; seront discut\u00e9s ces prochains mois. <\/p>\n<p class=\"edito__prefixe\">   \u00c0 lire aussi :   <\/p>\n<p class=\"edito__text-container\">     <a alt=\"Lire aussi\" href=\"https:\/\/www.telerama.fr\/cinema\/mostra-de-venise-2025-guillermo-del-toro-livre-un-frankenstein-blockbuster-sans-ame-ni-chair-7027130.php\" class=\"article__title--edito\" rel=\"nofollow noopener\" target=\"_blank\">Mostra de Venise 2025\u00a0: Guillermo del Toro livre un \u201cFrankenstein\u201d blockbuster, sans \u00e2me ni chair<\/a>  <\/p>\n","protected":false},"excerpt":{"rendered":"Netflix soutient l\u2019ouverture prochaine, \u00e0 Paris, d\u2019un studio de formation au \u201cstop motion\u201d, une technique en voie de&hellip;\n","protected":false},"author":2,"featured_media":456357,"comment_status":"","ping_status":"","sticky":false,"template":"","format":"standard","meta":{"footnotes":""},"categories":[1354],"tags":[58,59,1346,1011,27,1360],"class_list":{"0":"post-456356","1":"post","2":"type-post","3":"status-publish","4":"format-standard","5":"has-post-thumbnail","7":"category-films","8":"tag-divertissement","9":"tag-entertainment","10":"tag-films","11":"tag-fr","12":"tag-france","13":"tag-movies"},"share_on_mastodon":{"url":"https:\/\/pubeurope.com\/@fr\/115358686929813579","error":""},"_links":{"self":[{"href":"https:\/\/www.europesays.com\/fr\/wp-json\/wp\/v2\/posts\/456356","targetHints":{"allow":["GET"]}}],"collection":[{"href":"https:\/\/www.europesays.com\/fr\/wp-json\/wp\/v2\/posts"}],"about":[{"href":"https:\/\/www.europesays.com\/fr\/wp-json\/wp\/v2\/types\/post"}],"author":[{"embeddable":true,"href":"https:\/\/www.europesays.com\/fr\/wp-json\/wp\/v2\/users\/2"}],"replies":[{"embeddable":true,"href":"https:\/\/www.europesays.com\/fr\/wp-json\/wp\/v2\/comments?post=456356"}],"version-history":[{"count":0,"href":"https:\/\/www.europesays.com\/fr\/wp-json\/wp\/v2\/posts\/456356\/revisions"}],"wp:featuredmedia":[{"embeddable":true,"href":"https:\/\/www.europesays.com\/fr\/wp-json\/wp\/v2\/media\/456357"}],"wp:attachment":[{"href":"https:\/\/www.europesays.com\/fr\/wp-json\/wp\/v2\/media?parent=456356"}],"wp:term":[{"taxonomy":"category","embeddable":true,"href":"https:\/\/www.europesays.com\/fr\/wp-json\/wp\/v2\/categories?post=456356"},{"taxonomy":"post_tag","embeddable":true,"href":"https:\/\/www.europesays.com\/fr\/wp-json\/wp\/v2\/tags?post=456356"}],"curies":[{"name":"wp","href":"https:\/\/api.w.org\/{rel}","templated":true}]}}