{"id":456358,"date":"2025-10-12T01:50:22","date_gmt":"2025-10-12T01:50:22","guid":{"rendered":"https:\/\/www.europesays.com\/fr\/456358\/"},"modified":"2025-10-12T01:50:22","modified_gmt":"2025-10-12T01:50:22","slug":"la-grippe-retrouve-ses-niveaux-davant-la-pandemie-de-covid-19-rts-ch","status":"publish","type":"post","link":"https:\/\/www.europesays.com\/fr\/456358\/","title":{"rendered":"La grippe retrouve ses niveaux d&rsquo;avant la pand\u00e9mie de Covid-19 &#8211; rts.ch"},"content":{"rendered":"<p>Alors que la saison hivernale s&rsquo;installe, les virus respiratoires refont surface. La grippe retrouve ses niveaux d&rsquo;avant-Covid, aux c\u00f4t\u00e9s du Covid et du virus de la bronchiolite. Les autorit\u00e9s sanitaires rappellent l&rsquo;importance de la vaccination, surtout pour les plus fragiles.<\/p>\n<p>Chaque ann\u00e9e, la grippe revient entre octobre et mars. Apr\u00e8s un recul durant la pand\u00e9mie, les chiffres repartent \u00e0 la hausse. La saison derni\u00e8re, le pic avait atteint 3114 cas fin janvier, contre z\u00e9ro en 2021, au plus fort des gestes barri\u00e8res.<\/p>\n<p>\u00ab\u00a0Pour la grippe, on revient clairement aux niveaux d&rsquo;avant-Covid\u00a0\u00bb, constate dans le 19h30 Beryl Mazel-Sanchez, responsable du Centre national de r\u00e9f\u00e9rence de l&rsquo;Influenza. Selon elle, la lev\u00e9e des pr\u00e9cautions sanitaires et la r\u00e9apparition du virus expliquent cette reprise: \u00ab\u00a0Il n&rsquo;y a plus de gestes barri\u00e8res, et le virus reprend sa place. Nous allons devoir cohabiter avec trois virus majeurs: la grippe, le VRS et le Covid\u00a0\u00bb, ajoute-t-elle.<\/p>\n<p> &gt;&gt; Revoir aussi dans le 19h30 les pr\u00e9cisions de Pascal Jeannerat\u00a0:   <img decoding=\"async\" class=\"embed-responsive-item\" loading=\"lazy\" src=\"https:\/\/www.europesays.com\/fr\/wp-content\/uploads\/2025\/10\/xodnmg-29024110.image\" alt=\"Retour de la grippe : les pr\u00e9csions de Pascal Jeannerat\"\/>    Retour de la grippe : les pr\u00e9csions de Pascal Jeannerat \/ 19h30 \/ 1 min. \/ jeudi \u00e0 19:30 Trois virus et un appel \u00e0 la vaccination<\/p>\n<p>Ces trois virus, grippe, Covid-19 et le VRS, qui est responsable de la bronchiolite, ne circulent pas forc\u00e9ment en m\u00eame temps, comme l&rsquo;a montr\u00e9 la saison pass\u00e9e. Mais leur succession fragilise le syst\u00e8me de sant\u00e9, d&rsquo;o\u00f9 l&rsquo;importance, selon les experts, de la pr\u00e9vention vaccinale.<\/p>\n<p>\u00ab\u00a0Le vaccin pr\u00e9vient les formes graves\u00a0\u00bb, insiste Beryl Mazel-Sanchez. Elle rappelle que \u00ab\u00a0tous ces virus respiratoires p\u00e9n\u00e8trent par le nez et infectent les voies sup\u00e9rieures\u00a0\u00bb, causant des sympt\u00f4mes b\u00e9nins tant qu&rsquo;ils restent localis\u00e9s.<\/p>\n<p>\u00ab\u00a0Mais s&rsquo;ils descendent dans les poumons, ils peuvent provoquer des maladies beaucoup plus graves, pouvant mener \u00e0 une hospitalisation ou un d\u00e9c\u00e8s. Le vaccin emp\u00eache cette progression\u00a0\u00bb, pr\u00e9cise-t-elle.<\/p>\n<p>La campagne de vaccination contre la grippe d\u00e9marre mi-octobre. Elle est recommand\u00e9e pour les personnes \u00e2g\u00e9es de plus de 65 ans, les personnes vuln\u00e9rables et celles souffrant de pathologies chroniques.<\/p>\n<p class=\"sources\">Reportage TV: In\u00e8s Moubachir<\/p>\n<p class=\"credit\">Adaptation web: ther<\/p>\n","protected":false},"excerpt":{"rendered":"Alors que la saison hivernale s&rsquo;installe, les virus respiratoires refont surface. La grippe retrouve ses niveaux d&rsquo;avant-Covid, aux&hellip;\n","protected":false},"author":2,"featured_media":456359,"comment_status":"","ping_status":"","sticky":false,"template":"","format":"standard","meta":{"footnotes":""},"categories":[10],"tags":[58155,16635,4357,434,1011,27,29786,72,39765,33201,33202,37226,71,148,5336],"class_list":{"0":"post-456358","1":"post","2":"type-post","3":"status-publish","4":"format-standard","5":"has-post-thumbnail","7":"category-sante","8":"tag-bronchiolite","9":"tag-campagne-de-vaccination","10":"tag-covid-19","11":"tag-epidemie","12":"tag-fr","13":"tag-france","14":"tag-grippe","15":"tag-health","16":"tag-maladie-virale","17":"tag-maladies-contagieuses","18":"tag-maladies-et-etat-de-sante","19":"tag-pandemie-de-covid-19","20":"tag-sante","21":"tag-vaccination","22":"tag-virus"},"share_on_mastodon":{"url":"https:\/\/pubeurope.com\/@fr\/115358690497441457","error":""},"_links":{"self":[{"href":"https:\/\/www.europesays.com\/fr\/wp-json\/wp\/v2\/posts\/456358","targetHints":{"allow":["GET"]}}],"collection":[{"href":"https:\/\/www.europesays.com\/fr\/wp-json\/wp\/v2\/posts"}],"about":[{"href":"https:\/\/www.europesays.com\/fr\/wp-json\/wp\/v2\/types\/post"}],"author":[{"embeddable":true,"href":"https:\/\/www.europesays.com\/fr\/wp-json\/wp\/v2\/users\/2"}],"replies":[{"embeddable":true,"href":"https:\/\/www.europesays.com\/fr\/wp-json\/wp\/v2\/comments?post=456358"}],"version-history":[{"count":0,"href":"https:\/\/www.europesays.com\/fr\/wp-json\/wp\/v2\/posts\/456358\/revisions"}],"wp:featuredmedia":[{"embeddable":true,"href":"https:\/\/www.europesays.com\/fr\/wp-json\/wp\/v2\/media\/456359"}],"wp:attachment":[{"href":"https:\/\/www.europesays.com\/fr\/wp-json\/wp\/v2\/media?parent=456358"}],"wp:term":[{"taxonomy":"category","embeddable":true,"href":"https:\/\/www.europesays.com\/fr\/wp-json\/wp\/v2\/categories?post=456358"},{"taxonomy":"post_tag","embeddable":true,"href":"https:\/\/www.europesays.com\/fr\/wp-json\/wp\/v2\/tags?post=456358"}],"curies":[{"name":"wp","href":"https:\/\/api.w.org\/{rel}","templated":true}]}}