{"id":456362,"date":"2025-10-12T01:52:08","date_gmt":"2025-10-12T01:52:08","guid":{"rendered":"https:\/\/www.europesays.com\/fr\/456362\/"},"modified":"2025-10-12T01:52:08","modified_gmt":"2025-10-12T01:52:08","slug":"lex-chanteur-britannique-et-pedocriminel-ian-watkins-meurt-apres-une-agression-en-prison-le-parisien","status":"publish","type":"post","link":"https:\/\/www.europesays.com\/fr\/456362\/","title":{"rendered":"L\u2019ex-chanteur britannique et p\u00e9docriminel Ian Watkins meurt apr\u00e8s une agression en prison &#8211; Le Parisien"},"content":{"rendered":"<ol>\n<li><a href=\"https:\/\/news.google.com\/rss\/articles\/CBMi_gFBVV95cUxQd3dqZkE5MTR6NFBvR3VuYkZvLTF0YVN2c25TeHYxdWhqUnhpS3Y4VmZHbGM1Q3U0SERtTnE3ZFZXZTJfd1Bva0tDdzlmN0F4T2Z3eHFQa1AtdjVEQjd5Mk8wQ3lXZ2RuT1drUDQ5SjZBa0EyMVVVRGc3bk9PWU8zUlYzSVZnUnduWVRMT1daVUFrNjcxZ2h6UVFiYUlQUkdOcng0Y0puSDNhNGJIbWZTazRaY1NsdTljeFpqX3dUT3dPUTFZQTlYcEQ1QmRKRkxXMkF0WlA5LTUyT08xaDZTOGFuRUltQUVkTS1fQ29MRmZqYUpQU29qZURlTEkwQQ?oc=5\" target=\"_blank\" rel=\"nofollow noopener\">L\u2019ex-chanteur britannique et p\u00e9docriminel Ian Watkins meurt apr\u00e8s une agression en prison<\/a>&nbsp;&nbsp;Le Parisien<\/li>\n<li><a href=\"https:\/\/news.google.com\/rss\/articles\/CBMi1gFBVV95cUxQUlJTeTdRU0cxM3h2QlZfUnY4SXk5OHRPZ3BvMnNwN1h1b0JXMVEtRkZOaTJqTGJhT3NtNm1heVpvQXFwOVdobzhZWkF4WXNDS0F0TkIwLWFNZDZSSVNWSm9iZlRVdlBpOXB4dkswN0hBMjlYVUo1TW1uZUFlRzVRVHJud2lURjR5MkFFLWY2ZFJUT011SzlYODRBSkctU0pNUXM1QWwyaEFOdmR6UDRrNVN1UndCTGE2SHR1YjgyME5VdVpxWjgwRzZWYi14YUg4YU1PdUVR?oc=5\" target=\"_blank\" rel=\"nofollow noopener\">L&rsquo;ancien chanteur britannique et p\u00e9docriminel Ian Watkins meurt apr\u00e8s une agression en prison<\/a>&nbsp;&nbsp;Le Figaro<\/li>\n<li><a href=\"https:\/\/news.google.com\/rss\/articles\/CBMihwJBVV95cUxQUUk4a3dGZm5XRGg3QlZVLWJKMU55YXdPejhfWk5mOFRUeXVQdDlraGtFUWRZbW9Ec3plRG9kVjA1UDExRnFjdjZyVDZodE9vVlo0OGtjUmNnWXpJN1FGUktyUm0tV216TEt3cUlVMzZfb1p2c2N6TGt1STdLOVZ0LVQ5VWNaZllIQkZVMVROZGxJVnY2MFpPTzNraEFiVGRhMy0yRF9tbl9wWUd5a2c4c0ZxTFRXbGJMbExabnE1Ri1zcEtLN2ZsRnpGNktkc281bm8tQW15Z3phcDZVUFRTUXJCcllfNk5senNzWURXNGxHOU1QVnh3aXhwY0hwdFBsR1BPRWU0Yw?oc=5\" target=\"_blank\" rel=\"nofollow noopener\">Ian Watkins, ex-chanteur des Lostprophets condamn\u00e9 pour p\u00e9docriminalit\u00e9, meurt agress\u00e9 en prison<\/a>&nbsp;&nbsp;Ouest-France<\/li>\n<li><a href=\"https:\/\/news.google.com\/rss\/articles\/CBMi9gFBVV95cUxPbmFDdDNHX0dIMzVTcGNGdlVxTzk1eTQ1bmlMZVp2T0FBYmdhZko3MnpNTmxtSGV0ZGtRYjFLU0lHVjhBdUZqQmNzeEw5bHd1Vzd5RGRlYkw4UEEtV1o3c3J4SGtCUDZMemNOMksxaUZIRVZkRTRkRTRFQTV1aXVMNjcyR1otaDI0aG50cWVsdmpHVXdfY2xMN3hFQURNMTJoZDdzUXZDVVQ1MnpRLVN4RUt1ZlpEY09QbVh4R0g5QmZDdWxBMnMyMFd4X3BzLUVDaVVBMTZkTUdhOFlEc1NpR0c1T1Z4UndQbUJUdHRILUU3akJPNnc?oc=5\" target=\"_blank\" rel=\"nofollow noopener\">Condamn\u00e9 pour p\u00e9docriminalit\u00e9, le chanteur du groupe Lostprophets a \u00e9t\u00e9 tu\u00e9 en prison par un co-d\u00e9tenu<\/a>&nbsp;&nbsp;TF1 Info<\/li>\n<li><a href=\"https:\/\/news.google.com\/rss\/articles\/CBMiiwFBVV95cUxPWHhhVjlEdVh3RS1IVXVmZTcxdTFCZV95RmxPaHF5SjV0aUFlYWF3c2RVNzR4NFFHOGhhZ2MyR2ZFOXIzYXFNSjZTV05xa0lrQXhBOENJazhibEJoRDRZa1lOR2FtLWVsaS16dFBJNTdBX2piVGJ4MlpSZWNqQ2MwSW5BNFhfb1dwWk9r?oc=5\" target=\"_blank\" rel=\"nofollow noopener\">Ian Watkins, connu pour son poste de chanteur dans Lostprophets, condamn\u00e9 en 2012 \u00e0 35<\/a>&nbsp;&nbsp;Metalorgie<\/li>\n<\/ol>\n","protected":false},"excerpt":{"rendered":"L\u2019ex-chanteur britannique et p\u00e9docriminel Ian Watkins meurt apr\u00e8s une agression en prison&nbsp;&nbsp;Le Parisien L&rsquo;ancien chanteur britannique et p\u00e9docriminel&hellip;\n","protected":false},"author":2,"featured_media":395849,"comment_status":"","ping_status":"","sticky":false,"template":"","format":"standard","meta":{"footnotes":""},"categories":[8],"tags":[58,59,1011,27],"class_list":{"0":"post-456362","1":"post","2":"type-post","3":"status-publish","4":"format-standard","5":"has-post-thumbnail","7":"category-divertissement","8":"tag-divertissement","9":"tag-entertainment","10":"tag-fr","11":"tag-france"},"share_on_mastodon":{"url":"https:\/\/pubeurope.com\/@fr\/115358698357015971","error":""},"_links":{"self":[{"href":"https:\/\/www.europesays.com\/fr\/wp-json\/wp\/v2\/posts\/456362","targetHints":{"allow":["GET"]}}],"collection":[{"href":"https:\/\/www.europesays.com\/fr\/wp-json\/wp\/v2\/posts"}],"about":[{"href":"https:\/\/www.europesays.com\/fr\/wp-json\/wp\/v2\/types\/post"}],"author":[{"embeddable":true,"href":"https:\/\/www.europesays.com\/fr\/wp-json\/wp\/v2\/users\/2"}],"replies":[{"embeddable":true,"href":"https:\/\/www.europesays.com\/fr\/wp-json\/wp\/v2\/comments?post=456362"}],"version-history":[{"count":0,"href":"https:\/\/www.europesays.com\/fr\/wp-json\/wp\/v2\/posts\/456362\/revisions"}],"wp:featuredmedia":[{"embeddable":true,"href":"https:\/\/www.europesays.com\/fr\/wp-json\/wp\/v2\/media\/395849"}],"wp:attachment":[{"href":"https:\/\/www.europesays.com\/fr\/wp-json\/wp\/v2\/media?parent=456362"}],"wp:term":[{"taxonomy":"category","embeddable":true,"href":"https:\/\/www.europesays.com\/fr\/wp-json\/wp\/v2\/categories?post=456362"},{"taxonomy":"post_tag","embeddable":true,"href":"https:\/\/www.europesays.com\/fr\/wp-json\/wp\/v2\/tags?post=456362"}],"curies":[{"name":"wp","href":"https:\/\/api.w.org\/{rel}","templated":true}]}}