{"id":456364,"date":"2025-10-12T01:54:20","date_gmt":"2025-10-12T01:54:20","guid":{"rendered":"https:\/\/www.europesays.com\/fr\/456364\/"},"modified":"2025-10-12T01:54:20","modified_gmt":"2025-10-12T01:54:20","slug":"denoncee-par-ses-successeurs-une-architecte-accusee-davoir-abuse-des-biens-de-sa-societe","status":"publish","type":"post","link":"https:\/\/www.europesays.com\/fr\/456364\/","title":{"rendered":"D\u00e9nonc\u00e9e par ses successeurs, une architecte accus\u00e9e d&rsquo;avoir abus\u00e9 des biens de sa soci\u00e9t\u00e9"},"content":{"rendered":"<p>            Par<br \/>\n        <strong><br \/>\n            <a href=\"https:\/\/actu.fr\/auteur\/redaction-pressemanche\" title=\"Consulter tous les articles de R\u00e9daction La Presse de la Manche\" rel=\"nofollow noopener\" target=\"_blank\">R\u00e9daction La Presse de la Manche<\/a><br \/>\n        <\/strong><\/p>\n<p>        Publi\u00e9 le<\/p>\n<p>            11 oct. 2025 \u00e0 12h21        <\/p>\n<p>Elle a <b>70\u00a0ans<\/b>, elle est <b>\u00e0 la retraite<\/b> apr\u00e8s une<b> carri\u00e8re de quarante ans<\/b> comme <b>architecte<\/b>. Elle est consid\u00e9r\u00e9e comme une \u00ab bosseuse \u00bb, ayant port\u00e9 le<b> chiffre d\u2019affaires<\/b> de son cabinet<b> entre 300 000 et 600 000\u00a0euros <\/b>selon les ann\u00e9es.<\/p>\n<p class=\" wall-content\">Face aux magistrats du si\u00e8ge du <a href=\"https:\/\/actu.fr\/tag\/tribunal-de-cherbourg\" rel=\"nofollow noopener\" target=\"_blank\">tribunal judiciaire de Cherbourg<\/a> (Manche), elle se dresse <b>contre la d\u00e9nonciation de ses successeurs<\/b> qui l\u2019accusent, avec le parquet, d\u2019<b>avoir abus\u00e9 des biens de sa soci\u00e9t\u00e9 <\/b>(SAS) <b>\u00e0 des fins personnelles entre 2016 et octobre\u00a02021<\/b>.<\/p>\n<p>De quoi l\u2019accuse-t-on ?<\/p>\n<p class=\" wall-content\">Le cabinet d\u2019architecture avait son si\u00e8ge et ses bureaux<b> dans le domaine familial <\/b>de la dirigeante : le <b>montant annuel du loyer<\/b> demand\u00e9 \u00e0 la soci\u00e9t\u00e9 \u00e9tait de <b>39 780\u00a0euros<\/b>. Une <b>somme consid\u00e9r\u00e9e comme abusive<\/b> par les plaignantes. De m\u00eame qu\u2019elles contestent la r\u00e9partition de l\u2019usage et des servitudes des lieux : eau, \u00e9lectricit\u00e9, chauffage, entretien du domaine qui comprend un espace tennis, une piscine, mais aussi un parking pour le personnel et les clients.<\/p>\n<p class=\" wall-content\">L\u2019architecte, sur les fonds de sa soci\u00e9t\u00e9, avait <b>acquis un appartement<\/b> \u00e0 <a href=\"https:\/\/actu.fr\/normandie\/caen_14118\" rel=\"nofollow noopener\" target=\"_blank\">Caen<\/a> (Calvados). L\u2019objectif \u00e9tait de permettre une <b>visibilit\u00e9 du cabinet <\/b>en m\u00eame temps qu\u2019une<b> ouverture plus large<\/b> sur les march\u00e9s publics. Mais la d\u00e9nonciation pointe du doigt l\u2019utilisation de cet appartement par les enfants de l\u2019architecte.<\/p>\n<p>Tout \u00e9tait clair pour l\u2019expert-comptable<\/p>\n<p class=\" wall-content\">Dans le dossier, sont aussi dans le collimateur de la <b>justice <\/b>les<b> voyages de formation professionnelle<\/b> de l\u2019architecte, colloques, s\u00e9minaires, notamment l\u2019un \u00e0 Barcelone, financ\u00e9s par sa soci\u00e9t\u00e9 et devenus voyages d\u2019agr\u00e9ment dont ont profit\u00e9 ses enfants.<\/p>\n<p class=\" wall-content\">On d\u00e9nonce aussi les <b>caisses de champagne<\/b>, ses<b> indemnit\u00e9s kilom\u00e9triques<\/b>, ses <b>notes de restaurants<\/b>, une surtout, dat\u00e9e du 24 d\u00e9cembre 2016, r\u00e9gl\u00e9e plus de 1 200 euros avec la carte de la soci\u00e9t\u00e9.<\/p>\n<p>Vid\u00e9os : en ce moment sur Actu<\/p>\n<p class=\" wall-content\">Face \u00e0 cette mise en cause, l\u2019architecte et son avocate, Me Favre, du barreau de <a href=\"https:\/\/actu.fr\/normandie\/coutances_50147\" rel=\"nofollow noopener\" target=\"_blank\">Coutances<\/a>, ont donn\u00e9 une r\u00e9ponse g\u00e9n\u00e9rale : tous les comptes de la soci\u00e9t\u00e9 \u00e9taient soumis \u00e0 un cabinet d\u2019expertise comptable qui a valid\u00e9 les bilans. Rien de dissimul\u00e9.<\/p>\n<p class=\" wall-content\">Le loyer, fond\u00e9 sur la valeur locative du domaine, correspondait normalement \u00e0 la partie professionnelle, soit 30 % de l\u2019espace utilis\u00e9 (dont faisait partie le parking). La r\u00e9partition de l\u2019usage du domaine entre la partie professionnelle et la partie personnelle avait \u00e9t\u00e9 authentifi\u00e9e par l\u2019expert-comptable.<\/p>\n<p>Votre r\u00e9gion, votre actu !<\/p>\n<p>Recevez chaque jour les infos qui comptent pour vous.<\/p>\n<p>\t<a href=\"https:\/\/actu.fr\/newsletter\" class=\"ac-btn ac-btn--corner ac-btn--medium ac-btn--blue800\" rel=\"nofollow noopener\" target=\"_blank\">S&rsquo;incrire<\/a><\/p>\n<p class=\" wall-content\">Les d\u00e9placements contest\u00e9s ? Il s\u2019agissait des visites de chantier, explique l\u2019architecte, la participation \u00e0 des colloques, des conf\u00e9rences qui nourrissent la formation professionnelle et qui sont une ouverture n\u00e9cessaire pour un m\u00e9tier dont la cr\u00e9ativit\u00e9 est un ressort essentiel. Quant aux cadeaux de fin d\u2019ann\u00e9e aux donneurs d\u2019ordre, aux entreprises, \u00ab \u00e7a se faisait aux v\u0153ux. Quand vous avez remport\u00e9 des march\u00e9s, vous remerciez. \u00c7a se fait \u00bb, insiste Me Favre.<\/p>\n<p>Relaxe ou condamnation ?<\/p>\n<p class=\" wall-content\">L\u2019avocate conteste en totalit\u00e9 la d\u00e9nonciation des plaignantes, plaide la relaxe de sa cliente et consid\u00e8re comme irrecevables les demandes d\u2019indemnisation, pour un pr\u00e9judice financier de la soci\u00e9t\u00e9 repreneuse estim\u00e9 \u00e0 195 623\u00a0euros par les d\u00e9nonciatrices.<\/p>\n<p class=\" wall-content\">Celles-ci demandaient au titre de r\u00e9parations 50 000\u00a0euros pour la soci\u00e9t\u00e9 et, \u00e0 titre personnel, chacune 10 000\u00a0euros pour pr\u00e9judice moral, et un peu plus de 17 000\u00a0euros pour leur pr\u00e9judice financier.<\/p>\n<p class=\" wall-content\">Le procureur a repris l\u2019ensemble des \u00e9l\u00e9ments du dossier pour \u00e9tayer sa conviction de la culpabilit\u00e9 de la pr\u00e9venue et a requis contre elle une peine de <b>7\u00a0mois de prison avec sursis<\/b> et une<b> amende de 5 000\u00a0euros<\/b>. Relaxe ou condamnation ? R\u00e9ponse du tribunal renvoy\u00e9e au <b>18\u00a0novembre<\/b>.<\/p>\n<p class=\" wall-content\">Personnalisez votre actualit\u00e9 en ajoutant vos villes et m\u00e9dias en favori avec <a href=\"https:\/\/moncompte.actu.fr\" title=\"D\u00e9couvez Mon Actu\" rel=\"nofollow noopener\" data-trk=\"{&quot;cta&quot;:{&quot;action&quot;:&quot;https:\\\/\\\/moncompte.actu.fr&quot;,&quot;category&quot;:&quot;mon compte&quot;,&quot;from&quot;:&quot;article footer&quot;,&quot;name&quot;:&quot;Mon actu&quot;,&quot;type&quot;:&quot;cta&quot;}}\" target=\"_blank\">Mon Actu<\/a>.<\/p>\n","protected":false},"excerpt":{"rendered":"Par R\u00e9daction La Presse de la Manche Publi\u00e9 le 11 oct. 2025 \u00e0 12h21 Elle a 70\u00a0ans, elle&hellip;\n","protected":false},"author":2,"featured_media":456365,"comment_status":"","ping_status":"","sticky":false,"template":"","format":"standard","meta":{"footnotes":""},"categories":[6],"tags":[35,3168,33,34,118,1011,27,303,58156],"class_list":{"0":"post-456364","1":"post","2":"type-post","3":"status-publish","4":"format-standard","5":"has-post-thumbnail","7":"category-economie","8":"tag-business","9":"tag-cotentin","10":"tag-economie","11":"tag-economy","12":"tag-faits-divers","13":"tag-fr","14":"tag-france","15":"tag-justice","16":"tag-tribunal-de-cherbourg"},"share_on_mastodon":{"url":"https:\/\/pubeurope.com\/@fr\/115358706204193870","error":""},"_links":{"self":[{"href":"https:\/\/www.europesays.com\/fr\/wp-json\/wp\/v2\/posts\/456364","targetHints":{"allow":["GET"]}}],"collection":[{"href":"https:\/\/www.europesays.com\/fr\/wp-json\/wp\/v2\/posts"}],"about":[{"href":"https:\/\/www.europesays.com\/fr\/wp-json\/wp\/v2\/types\/post"}],"author":[{"embeddable":true,"href":"https:\/\/www.europesays.com\/fr\/wp-json\/wp\/v2\/users\/2"}],"replies":[{"embeddable":true,"href":"https:\/\/www.europesays.com\/fr\/wp-json\/wp\/v2\/comments?post=456364"}],"version-history":[{"count":0,"href":"https:\/\/www.europesays.com\/fr\/wp-json\/wp\/v2\/posts\/456364\/revisions"}],"wp:featuredmedia":[{"embeddable":true,"href":"https:\/\/www.europesays.com\/fr\/wp-json\/wp\/v2\/media\/456365"}],"wp:attachment":[{"href":"https:\/\/www.europesays.com\/fr\/wp-json\/wp\/v2\/media?parent=456364"}],"wp:term":[{"taxonomy":"category","embeddable":true,"href":"https:\/\/www.europesays.com\/fr\/wp-json\/wp\/v2\/categories?post=456364"},{"taxonomy":"post_tag","embeddable":true,"href":"https:\/\/www.europesays.com\/fr\/wp-json\/wp\/v2\/tags?post=456364"}],"curies":[{"name":"wp","href":"https:\/\/api.w.org\/{rel}","templated":true}]}}