{"id":456377,"date":"2025-10-12T02:02:22","date_gmt":"2025-10-12T02:02:22","guid":{"rendered":"https:\/\/www.europesays.com\/fr\/456377\/"},"modified":"2025-10-12T02:02:22","modified_gmt":"2025-10-12T02:02:22","slug":"dernier-soir-a-poirel-qui-va-piano-va-sano","status":"publish","type":"post","link":"https:\/\/www.europesays.com\/fr\/456377\/","title":{"rendered":"Dernier soir \u00e0 Poirel. Qui va piano, va sano"},"content":{"rendered":"<p>Certains attendaient Matthieu Boogaerts derri\u00e8re un clavier, rapport au titre de son dernier album Grand piano , qu\u2019il pr\u00e9sentait ce samedi soir au NJP \u00e0 la salle Poirel. Il a en fait gard\u00e9 longtemps la guitare au cou. Un choix qui r\u00e9sulte de moult exp\u00e9riences sc\u00e9niques faites avec ses musiciens depuis le d\u00e9but de sa tourn\u00e9e avant qu\u2019ils ne se fixent sur un show id\u00e9al dont le public a pu, en effet, appr\u00e9ci\u00e9 l\u2019excellence et repartir l\u2019esprit apais\u00e9.<\/p>\n","protected":false},"excerpt":{"rendered":"Certains attendaient Matthieu Boogaerts derri\u00e8re un clavier, rapport au titre de son dernier album Grand piano , qu\u2019il&hellip;\n","protected":false},"author":2,"featured_media":456378,"comment_status":"","ping_status":"","sticky":false,"template":"","format":"standard","meta":{"footnotes":""},"categories":[9635],"tags":[1111,11,1687,1704,1777,674,1011,27,775,873,1702,21112,1703,12,25,3140],"class_list":{"0":"post-456377","1":"post","2":"type-post","3":"status-publish","4":"format-standard","5":"has-post-thumbnail","7":"category-nancy","8":"tag-actu","9":"tag-actualites","10":"tag-culture-loisirs","11":"tag-edition-nancy-et-agglomeration","12":"tag-eu","13":"tag-europe","14":"tag-fr","15":"tag-france","16":"tag-grand-est","17":"tag-musique","18":"tag-nancy","19":"tag-nancy-jazz-pulsations","20":"tag-nancy-ville-54b","21":"tag-news","22":"tag-republique-francaise","23":"tag-spectacle"},"share_on_mastodon":{"url":"https:\/\/pubeurope.com\/@fr\/115358737507686283","error":""},"_links":{"self":[{"href":"https:\/\/www.europesays.com\/fr\/wp-json\/wp\/v2\/posts\/456377","targetHints":{"allow":["GET"]}}],"collection":[{"href":"https:\/\/www.europesays.com\/fr\/wp-json\/wp\/v2\/posts"}],"about":[{"href":"https:\/\/www.europesays.com\/fr\/wp-json\/wp\/v2\/types\/post"}],"author":[{"embeddable":true,"href":"https:\/\/www.europesays.com\/fr\/wp-json\/wp\/v2\/users\/2"}],"replies":[{"embeddable":true,"href":"https:\/\/www.europesays.com\/fr\/wp-json\/wp\/v2\/comments?post=456377"}],"version-history":[{"count":0,"href":"https:\/\/www.europesays.com\/fr\/wp-json\/wp\/v2\/posts\/456377\/revisions"}],"wp:featuredmedia":[{"embeddable":true,"href":"https:\/\/www.europesays.com\/fr\/wp-json\/wp\/v2\/media\/456378"}],"wp:attachment":[{"href":"https:\/\/www.europesays.com\/fr\/wp-json\/wp\/v2\/media?parent=456377"}],"wp:term":[{"taxonomy":"category","embeddable":true,"href":"https:\/\/www.europesays.com\/fr\/wp-json\/wp\/v2\/categories?post=456377"},{"taxonomy":"post_tag","embeddable":true,"href":"https:\/\/www.europesays.com\/fr\/wp-json\/wp\/v2\/tags?post=456377"}],"curies":[{"name":"wp","href":"https:\/\/api.w.org\/{rel}","templated":true}]}}