{"id":456383,"date":"2025-10-12T02:11:58","date_gmt":"2025-10-12T02:11:58","guid":{"rendered":"https:\/\/www.europesays.com\/fr\/456383\/"},"modified":"2025-10-12T02:11:58","modified_gmt":"2025-10-12T02:11:58","slug":"pro-d2-le-fcg-a-trouve-son-premier-joker-medical-le-remplacant-de-nicolas-nadau-annonce-ce-vendredi","status":"publish","type":"post","link":"https:\/\/www.europesays.com\/fr\/456383\/","title":{"rendered":"Pro D2. Le FCG a trouv\u00e9 son premier joker m\u00e9dical, le rempla\u00e7ant de Nicolas Nadau annonc\u00e9 ce vendredi\u00a0?"},"content":{"rendered":"<p>M\u00eame si le dossier chaud du moment, au FC Grenoble, concerne le poste d\u2019entra\u00eeneur \u2013 <a title=\"rugby FCG crise Nadau annonce d\u00e9part\" href=\"https:\/\/www.ledauphine.com\/sport\/2025\/10\/08\/fcg-c-est-termine-pour-nicolas-nadau-qui-quitte-le-club-avec-effet-immediat\" target=\"_blank\" rel=\"noopener\">suite au d\u00e9part de Nicolas Nadau, d\u00e9cid\u00e9 mercredi soir<\/a>\u00a0&#8211; d\u2019autres chantiers sont \u00e0 mener concernant la suite de la saison 2025-2026. Notamment <a title=\"rugby FCG - Provence blessures et recherche jokers\" href=\"https:\/\/www.ledauphine.com\/sport\/2025\/10\/07\/fcg-deux-blesses-graves-face-a-provence-bientot-des-jokers\" target=\"_blank\" rel=\"noopener\">la recherche de jokers m\u00e9dicaux, suite aux graves blessures du d\u00e9but de championnat<\/a>.<\/p>\n<p>Apr\u00e8s le coup dur ayant frapp\u00e9 d\u00e9but septembre le Namibien Gerswin Mouton (ligaments crois\u00e9s du genou, <a title=\"rugby FCG \u00e9chos Lesdigui\u00e8res blessure Mouton\" href=\"https:\/\/www.ledauphine.com\/sport\/2025\/09\/08\/verdict-impitoyable-pour-mouton-un-retour-bienvenu-les-derniers-echos-du-fcg\" target=\"_blank\" rel=\"noopener\">op\u00e9ration et fin de saison probable<\/a>), les dirigeants is\u00e9rois s\u2019\u00e9taient mis en qu\u00eate d\u2019un joker m\u00e9dical. Et, selon nos informations, ils ont trouv\u00e9 leur bonheur en Top 14, avec Nadir Megdoud.<\/p>\n<p>Cet international alg\u00e9rien (28 ans, 1,81\u00a0m, 96\u00a0kg) \u00e9volue depuis trois saisons \u00e0 Bayonne, avec qui il a disput\u00e9 treize matchs de Top 14 (aucun essai) et huit autres de coupe d\u2019Europe. Mais, en 2025-2026, il n\u2019est apparu qu\u2019une fois sur les terrains (le 20\u00a0septembre \u00e0 Castres).<\/p>\n<p>  Megdoud a connu trois clubs en Top 14<\/p>\n<p>Le club basque, <a title=\"rugby Top 14 classement apr\u00e8s J5\" href=\"https:\/\/www.ledauphine.com\/sport\/classement\/rugby\/national-top-14\" target=\"_blank\" rel=\"noopener\">actuel leader du Top 14<\/a>, aurait accept\u00e9 de le lib\u00e9rer, les derniers d\u00e9tails devant \u00eatre finalis\u00e9s ce jeudi. Et Megdoud est esp\u00e9r\u00e9 d\u00e8s ce dimanche \u00e0 Grenoble pour la reprise des entra\u00eenements du FCG, avant le 2e bloc du championnat.<\/p>\n<p>Avant l\u2019Aviron Bayonnais, Megdoud a connu quatre autres clubs en France\u00a0: le CA Brive (Top 14), Beauvais (F\u00e9d\u00e9rale 2, 2020-2021), Rouen Normandie Rugby (Pro D2, 2021-2022, 8 essais) puis le Stade Fran\u00e7ais (2022-2023, 1 essai).<\/p>\n<p>Avec le club is\u00e9rois\u00a0&#8211; priv\u00e9 aussi de Kaminieli Rasaku (cheville)\u00a0&#8211; Megdoud (qui dispose du statut JIFF) aura l\u2019occasion de retrouver du temps de jeu, dont il \u00e9tait priv\u00e9 au stade Jean-Dauger.<\/p>\n<p>Le FCG recherche encore un pilier gauche pour pallier la longue indisponibilit\u00e9 d\u2019Eli Eglaine (op\u00e9r\u00e9 du genou droit, ligaments crois\u00e9s).<\/p>\n","protected":false},"excerpt":{"rendered":"M\u00eame si le dossier chaud du moment, au FC Grenoble, concerne le poste d\u2019entra\u00eeneur \u2013 suite au d\u00e9part&hellip;\n","protected":false},"author":2,"featured_media":456384,"comment_status":"","ping_status":"","sticky":false,"template":"","format":"standard","meta":{"footnotes":""},"categories":[9566],"tags":[1111,11,2430,112,113,114,1777,674,2727,107,1701,1011,27,2731,2732,108,12,2308,25,479,517,1947],"class_list":{"0":"post-456383","1":"post","2":"type-post","3":"status-publish","4":"format-standard","5":"has-post-thumbnail","7":"category-grenoble","8":"tag-actu","9":"tag-actualites","10":"tag-auvergne-rhone-alpes","11":"tag-edition-grenoble-agglomeration","12":"tag-edition-gresivaudan-oisans","13":"tag-edition-voiron-saint-marcellin","14":"tag-eu","15":"tag-europe","16":"tag-fcg-fc-grenoble-rugby","17":"tag-fil-info","18":"tag-fil-info-sport","19":"tag-fr","20":"tag-france","21":"tag-grenoble","22":"tag-grenoble-bassin","23":"tag-isere","24":"tag-news","25":"tag-pro-d2","26":"tag-republique-francaise","27":"tag-rugby","28":"tag-sport","29":"tag-sport-national"},"share_on_mastodon":{"url":"https:\/\/pubeurope.com\/@fr\/115358776864399875","error":""},"_links":{"self":[{"href":"https:\/\/www.europesays.com\/fr\/wp-json\/wp\/v2\/posts\/456383","targetHints":{"allow":["GET"]}}],"collection":[{"href":"https:\/\/www.europesays.com\/fr\/wp-json\/wp\/v2\/posts"}],"about":[{"href":"https:\/\/www.europesays.com\/fr\/wp-json\/wp\/v2\/types\/post"}],"author":[{"embeddable":true,"href":"https:\/\/www.europesays.com\/fr\/wp-json\/wp\/v2\/users\/2"}],"replies":[{"embeddable":true,"href":"https:\/\/www.europesays.com\/fr\/wp-json\/wp\/v2\/comments?post=456383"}],"version-history":[{"count":0,"href":"https:\/\/www.europesays.com\/fr\/wp-json\/wp\/v2\/posts\/456383\/revisions"}],"wp:featuredmedia":[{"embeddable":true,"href":"https:\/\/www.europesays.com\/fr\/wp-json\/wp\/v2\/media\/456384"}],"wp:attachment":[{"href":"https:\/\/www.europesays.com\/fr\/wp-json\/wp\/v2\/media?parent=456383"}],"wp:term":[{"taxonomy":"category","embeddable":true,"href":"https:\/\/www.europesays.com\/fr\/wp-json\/wp\/v2\/categories?post=456383"},{"taxonomy":"post_tag","embeddable":true,"href":"https:\/\/www.europesays.com\/fr\/wp-json\/wp\/v2\/tags?post=456383"}],"curies":[{"name":"wp","href":"https:\/\/api.w.org\/{rel}","templated":true}]}}