{"id":456389,"date":"2025-10-12T02:17:12","date_gmt":"2025-10-12T02:17:12","guid":{"rendered":"https:\/\/www.europesays.com\/fr\/456389\/"},"modified":"2025-10-12T02:17:12","modified_gmt":"2025-10-12T02:17:12","slug":"bien-finir-la-semaine-sig-strasbourg","status":"publish","type":"post","link":"https:\/\/www.europesays.com\/fr\/456389\/","title":{"rendered":"Bien finir la semaine | SIG Strasbourg"},"content":{"rendered":"<p class=\"text-align-justify titre\">L&rsquo;adversaire de demain :<\/p>\n<p>Le BCM Gravelines-Dunkerque vit un d\u00e9but de saison 2025-2026 contrast\u00e9, entre frustrations et motifs d\u2019espoir. Apr\u00e8s une reprise compliqu\u00e9e face au champion en titre, Paris Basketball (66-109), puis un revers douloureux \u00e0 Nanterre (101-79), les Maritimes ont confirm\u00e9 que le chemin vers la stabilit\u00e9 sera sem\u00e9 d\u2019emb\u00fbches. L\u2019\u00e9limination en Coupe de France au Portel (77-71) est venue renforcer ce constat : le BCM manque encore d\u2019automatismes et de constance pour rivaliser sur quarante minutes.<br \/>\nPour autant, tout n\u2019est pas sombre. Dans la temp\u00eate, notre ancien SIGMAN <strong data-start=\"654\" data-end=\"670\">Edon Maxhuni<\/strong> se distingue comme un v\u00e9ritable leader \u2014 lucide, percutant, capable de tenir l\u2019\u00e9quipe \u00e0 flot offensivement. Autour de lui, le collectif se construit, encore frein\u00e9 par les absences (Chris Babb, Tajuan Agee, Soren Bracq), mais anim\u00e9 d\u2019une vraie volont\u00e9 de progresser.<\/p>\n<p class=\"text-align-justify titre\"><strong>55&#8230; comme le pourcentage minimum \u00e0 deux points de nos sigmen cette saison en Betclic Elite<\/strong><\/p>\n<p class=\"text-align-justify titre\"><strong>La parole \u00e0 J\u0101nis Gail\u012btis<\/strong><\/p>\n<p class=\"text-align-justify titre\"><strong>La parole \u00e0 Abdoulaye n&rsquo;doye<\/strong><\/p>\n<p class=\"text-align-justify intertitre titre\">Face \u00e0 : Edon Maxhuni<\/p>\n<p>Ce dimanche, la SIG Strasbourg retrouvera une vielle connaissance du c\u00f4t\u00e9 de Louis Dewerdt. En face, sous les couleurs du BCM, \u00e9volue celui, qui portait la tunique alsacienne l\u2019ann\u00e9e derni\u00e8re, Edon Maxhuni. Apr\u00e8s une demi-saison de bons et loyaux services, Edon a d\u00e9cid\u00e9 de relever un nouveau d\u00e9fi en signant cet \u00e9t\u00e9 dans le club des Hauts-de-France. Le meneur finlandais, r\u00e9cent demi-finaliste de l\u2019Eurobasket, sera \u00e9videmment un rouage essentiel de Gravelines-Dunkerque lors de cette 3\u00e8me journ\u00e9e de Betclic Elite.<br \/>\nBiberonn\u00e9 d\u00e8s le plus jeune \u00e2ge au basket europ\u00e9en avec des passages en Espagne, en Italie et en Turquie, Edon Maxhuni n\u2019a eu aucun mal \u00e0 s\u2019adapter au jeu europ\u00e9en, apr\u00e8s un cursus universitaire \u00e0 Long Beach State. Le natif de Hyvink\u00e4\u00e4 a v\u00e9ritablement explos\u00e9 sous les couleurs du Portel, grand rival du BCM. \u00c0 27 ans, Edon Maxhuni est en pleine forme de l\u2019\u00e2ge, lui qui tournait avec des statistiques solides sous les couleurs alsaciennes avec <strong>11,1 points, 1,4 rebond et 3,7 passes d\u00e9cisives de moyenne.<\/strong><br \/>\nPour sa troisi\u00e8me saison dans le championnat de France, il occupera sans aucun doute un r\u00f4le majeur dans l\u2019effectif de Jean-Christophe Prat. D\u00e9j\u00e0 reconnu pour sa cr\u00e9ativit\u00e9 sur pick and roll, Edon Maxhuni a ajout\u00e9 une fiabilit\u00e9 au tir, qui fait de lui un des meilleurs joueurs offensifs de Betclic Elite. Les SIGmen devront le surveiller comme le lait sur le feu derri\u00e8re la ligne \u00e0 trois points, lui qui n\u2019est jamais descendu en dessous des 38% de loin en moyenne dans l\u2019hexagone. Dimanche soir, les Strasbourgeois devront obligatoirement r\u00e9pondre pr\u00e9sent dans le duel face \u00e0 Edon Maxhuni. Les Alsaciens sont pr\u00e9venus : pour esp\u00e9rer encha\u00eener une troisi\u00e8me victoire, il faudra imp\u00e9rativement limiter le rendement du meneur.\u00a0<br \/>\n\u00a0<br \/>\n<strong>\u2b07\ufe0f Pour revoir les HIGHLIGHTS de la deuxi\u00e8me journ\u00e9e des SIGMEN de Betclic \u00c9lite \u00a0\u2b07\ufe0f<\/strong><\/p>\n<p class=\"text-align-center\">\u00a0<\/p>\n<\/p>\n<p>\u00a0<\/p>\n<p>\u00a0<\/p>\n<p>\u00a0<\/p>\n","protected":false},"excerpt":{"rendered":"L&rsquo;adversaire de demain : Le BCM Gravelines-Dunkerque vit un d\u00e9but de saison 2025-2026 contrast\u00e9, entre frustrations et motifs&hellip;\n","protected":false},"author":2,"featured_media":456390,"comment_status":"","ping_status":"","sticky":false,"template":"","format":"standard","meta":{"footnotes":""},"categories":[2820],"tags":[1111,11,3146,1777,674,1011,27,775,3145,12,25,3144,640],"class_list":{"0":"post-456389","1":"post","2":"type-post","3":"status-publish","4":"format-standard","5":"has-post-thumbnail","7":"category-strasbourg","8":"tag-actu","9":"tag-actualites","10":"tag-betclic-elite","11":"tag-eu","12":"tag-europe","13":"tag-fr","14":"tag-france","15":"tag-grand-est","16":"tag-lnb","17":"tag-news","18":"tag-republique-francaise","19":"tag-sig","20":"tag-strasbourg"},"share_on_mastodon":{"url":"https:\/\/pubeurope.com\/@fr\/115358796580674138","error":""},"_links":{"self":[{"href":"https:\/\/www.europesays.com\/fr\/wp-json\/wp\/v2\/posts\/456389","targetHints":{"allow":["GET"]}}],"collection":[{"href":"https:\/\/www.europesays.com\/fr\/wp-json\/wp\/v2\/posts"}],"about":[{"href":"https:\/\/www.europesays.com\/fr\/wp-json\/wp\/v2\/types\/post"}],"author":[{"embeddable":true,"href":"https:\/\/www.europesays.com\/fr\/wp-json\/wp\/v2\/users\/2"}],"replies":[{"embeddable":true,"href":"https:\/\/www.europesays.com\/fr\/wp-json\/wp\/v2\/comments?post=456389"}],"version-history":[{"count":0,"href":"https:\/\/www.europesays.com\/fr\/wp-json\/wp\/v2\/posts\/456389\/revisions"}],"wp:featuredmedia":[{"embeddable":true,"href":"https:\/\/www.europesays.com\/fr\/wp-json\/wp\/v2\/media\/456390"}],"wp:attachment":[{"href":"https:\/\/www.europesays.com\/fr\/wp-json\/wp\/v2\/media?parent=456389"}],"wp:term":[{"taxonomy":"category","embeddable":true,"href":"https:\/\/www.europesays.com\/fr\/wp-json\/wp\/v2\/categories?post=456389"},{"taxonomy":"post_tag","embeddable":true,"href":"https:\/\/www.europesays.com\/fr\/wp-json\/wp\/v2\/tags?post=456389"}],"curies":[{"name":"wp","href":"https:\/\/api.w.org\/{rel}","templated":true}]}}