{"id":456391,"date":"2025-10-12T02:19:12","date_gmt":"2025-10-12T02:19:12","guid":{"rendered":"https:\/\/www.europesays.com\/fr\/456391\/"},"modified":"2025-10-12T02:19:12","modified_gmt":"2025-10-12T02:19:12","slug":"oscarisee-pour-son-role-dans-annie-hall-lactrice-americaine-diane-keaton-est-decedee-a-79-ans","status":"publish","type":"post","link":"https:\/\/www.europesays.com\/fr\/456391\/","title":{"rendered":"Oscaris\u00e9e pour son r\u00f4le dans \u00ab\u00a0Annie Hall\u00a0\u00bb, l\u2019actrice am\u00e9ricaine Diane Keaton est d\u00e9c\u00e9d\u00e9e \u00e0 79 ans"},"content":{"rendered":"<p class=\"fs-5 \">Aucune autre pr\u00e9cision sur les circonstances de sa mort n\u2019ont \u00e9t\u00e9 r\u00e9v\u00e9l\u00e9es dans l\u2019imm\u00e9diat, a expliqu\u00e9 le magazine.<\/p>\n<p class=\"fs-5 \">Diane Keaton avait fait ses d\u00e9buts \u00e0 Hollywood dans\u00a0\u00ab\u00a0Lune de miel aux orties\u00a0\u00bb, en 1970. Sa longue filmographie inclut un r\u00f4le dans\u00a0\u00ab\u00a0Le Parrain\u00a0\u00bb, o\u00f9 elle joue la femme d\u2019Al Pacino, et de nombreux succ\u00e8s de Woody Allen, dont elle est rest\u00e9e l\u2019amie apr\u00e8s avoir longtemps \u00e9t\u00e9 la compagne, la muse et l\u2019actrice f\u00e9tiche.<\/p>\n<p class=\"fs-5 \">Son r\u00f4le-titre dans la com\u00e9die romantique\u00a0\u00ab\u00a0Annie Hall\u00a0\u00bb\u00a0du r\u00e9alisateur new-yorkais la voit r\u00e9compens\u00e9e en 1978 de l\u2019Oscar de la meilleure actrice.<\/p>\n<p class=\"fs-5 \">Trois autres nominations suivront, pour\u00a0\u00ab\u00a0Reds\u00a0\u00bb, film sorti en 1981,\u00a0\u00ab\u00a0Simples Secrets\u00a0\u00bb\u00a0(1996), et\u00a0\u00ab\u00a0Tout peut arriver\u00a0\u00bb\u00a0(2003).<\/p>\n<p class=\"fs-5 \">L\u2019actrice avait continu\u00e9 de jouer pass\u00e9 ses 70 ans, apparaissant notamment dans\u00a0\u00ab\u00a0Le Book Club\u00a0\u00bb\u00a0en 2018, o\u00f9 elle jouait un r\u00f4le de retrait\u00e9e, tout comme dans\u00a0\u00ab\u00a0Poms\u00a0\u00bb\u00a0en 2019.<\/p>\n<p class=\"fs-5 \">Dans un entretien \u00e0 l\u2019AFP \u00e0 l\u2019occasion de la sortie de ce dernier, Diane Keaton avait d\u00e9clar\u00e9 ne pas penser \u00e0 la vieillesse ou \u00e0 la retraite.<\/p>\n<p class=\"fs-5 \">\u00ab\u00a0Et si jamais plus personne ne m\u2019appelle (pour tourner), j\u2019ai plein de hobbies qui me passionnent pour occuper mon temps\u00a0\u00bb, avait-elle affirm\u00e9.<\/p>\n<p class=\"fs-5 \">Jamais mari\u00e9e, m\u00e8re de deux enfants adoptifs, elle avait dit \u00e9galement n\u2019avoir aucun regret, y compris dans sa vie personnelle.<\/p>\n<p class=\"fs-5 \">\u00ab\u00a0Je crois que je suis l\u2019une des rares femmes c\u00e9libataires de mon \u00e2ge \u00e0 avoir fait des films sans s\u2019\u00eatre mari\u00e9e, peut-\u00eatre que je suis une anomalie\u00a0?\u00a0\u00bb, avait plaisant\u00e9 l\u2019actrice, qui a eu de longues histoires d\u2019amour avec des stars comme Warren Beatty et Al Pacino.<\/p>\n<p class=\"fs-5 \">\u00ab\u00a0Je ne suis pas malheureuse\u00a0!\u00a0\u00bb, avait-elle conclu.<\/p>\n<p class=\"fs-5 \">Pour son dernier r\u00f4le au cin\u00e9ma, en 2024, Diane Keaton avait partag\u00e9 l\u2019affiche de\u00a0\u00ab\u00a0Summer Camp\u00a0\u00bb\u00a0avec Kathy Bates et Alfre Woodard.<\/p>\n","protected":false},"excerpt":{"rendered":"Aucune autre pr\u00e9cision sur les circonstances de sa mort n\u2019ont \u00e9t\u00e9 r\u00e9v\u00e9l\u00e9es dans l\u2019imm\u00e9diat, a expliqu\u00e9 le magazine.&hellip;\n","protected":false},"author":2,"featured_media":456392,"comment_status":"","ping_status":"","sticky":false,"template":"","format":"standard","meta":{"footnotes":""},"categories":[2819],"tags":[1111,11,1777,674,1011,27,12,2401,882,25],"class_list":{"0":"post-456391","1":"post","2":"type-post","3":"status-publish","4":"format-standard","5":"has-post-thumbnail","7":"category-nice","8":"tag-actu","9":"tag-actualites","10":"tag-eu","11":"tag-europe","12":"tag-fr","13":"tag-france","14":"tag-news","15":"tag-nice","16":"tag-provence-alpes-cote-dazur","17":"tag-republique-francaise"},"share_on_mastodon":{"url":"https:\/\/pubeurope.com\/@fr\/115358804445625269","error":""},"_links":{"self":[{"href":"https:\/\/www.europesays.com\/fr\/wp-json\/wp\/v2\/posts\/456391","targetHints":{"allow":["GET"]}}],"collection":[{"href":"https:\/\/www.europesays.com\/fr\/wp-json\/wp\/v2\/posts"}],"about":[{"href":"https:\/\/www.europesays.com\/fr\/wp-json\/wp\/v2\/types\/post"}],"author":[{"embeddable":true,"href":"https:\/\/www.europesays.com\/fr\/wp-json\/wp\/v2\/users\/2"}],"replies":[{"embeddable":true,"href":"https:\/\/www.europesays.com\/fr\/wp-json\/wp\/v2\/comments?post=456391"}],"version-history":[{"count":0,"href":"https:\/\/www.europesays.com\/fr\/wp-json\/wp\/v2\/posts\/456391\/revisions"}],"wp:featuredmedia":[{"embeddable":true,"href":"https:\/\/www.europesays.com\/fr\/wp-json\/wp\/v2\/media\/456392"}],"wp:attachment":[{"href":"https:\/\/www.europesays.com\/fr\/wp-json\/wp\/v2\/media?parent=456391"}],"wp:term":[{"taxonomy":"category","embeddable":true,"href":"https:\/\/www.europesays.com\/fr\/wp-json\/wp\/v2\/categories?post=456391"},{"taxonomy":"post_tag","embeddable":true,"href":"https:\/\/www.europesays.com\/fr\/wp-json\/wp\/v2\/tags?post=456391"}],"curies":[{"name":"wp","href":"https:\/\/api.w.org\/{rel}","templated":true}]}}