{"id":456394,"date":"2025-10-12T02:21:16","date_gmt":"2025-10-12T02:21:16","guid":{"rendered":"https:\/\/www.europesays.com\/fr\/456394\/"},"modified":"2025-10-12T02:21:16","modified_gmt":"2025-10-12T02:21:16","slug":"les-remparts-de-tours-satisfaits-apres-leur-succes-contre-nantes","status":"publish","type":"post","link":"https:\/\/www.europesays.com\/fr\/456394\/","title":{"rendered":"les Remparts de Tours satisfaits apr\u00e8s leur succ\u00e8s contre Nantes"},"content":{"rendered":"<p>Deux sur deux\u00a0! Une semaine apr\u00e8s leur succ\u00e8s \u00e0 Chamb\u00e9ry, les Remparts de Tours ont <a target=\"_blank\" href=\"https:\/\/www.lanouvellerepublique.fr\/tours\/direct-division-1-les-remparts-de-tours-vont-ils-reussir-leur-premiere-a-domicile-contre-nantes-1760203529\" rel=\"noopener\">encha\u00een\u00e9 victorieusement<\/a> \u00e0 domicile, ce samedi 11\u00a0octobre 2025, aux d\u00e9pens de Nantes (3-1).\u00a0D\u00e9couvrez les r\u00e9actions d\u2019apr\u00e8s-match&#8230;. <\/p>\n<p>    Cet article a \u00e9t\u00e9 tronqu\u00e9. Abonnez-vous pour lire l&rsquo;article complet sur notre site.<\/p>\n<p style=\"margin: 0 !important; padding: 0 !important; font-size: 12px !important;\">Cet article a \u00e9t\u00e9 tronqu\u00e9. Abonnez-vous pour lire l&rsquo;article complet.<\/p>\n<p>    <a href=\"https:\/\/www.lanouvellerepublique.fr\/abonnements\" style=\"display: inline-block; margin-top: 5px !important; padding: 6px 12px !important; background: #cb1c27; color: white; text-decoration: none; border-radius: 4px; font-size: 12px !important;\" target=\"_blank\" rel=\"noopener\"><br \/>\n      S&rsquo;abonner<br \/>\n    <\/a><\/p>\n","protected":false},"excerpt":{"rendered":"Deux sur deux\u00a0! Une semaine apr\u00e8s leur succ\u00e8s \u00e0 Chamb\u00e9ry, les Remparts de Tours ont encha\u00een\u00e9 victorieusement \u00e0&hellip;\n","protected":false},"author":2,"featured_media":456395,"comment_status":"","ping_status":"","sticky":false,"template":"","format":"standard","meta":{"footnotes":""},"categories":[2818],"tags":[1111,11,1777,674,1011,27,4133,1387,766,12,2636,51935,25,60,1390],"class_list":{"0":"post-456394","1":"post","2":"type-post","3":"status-publish","4":"format-standard","5":"has-post-thumbnail","7":"category-nantes","8":"tag-actu","9":"tag-actualites","10":"tag-eu","11":"tag-europe","12":"tag-fr","13":"tag-france","14":"tag-hockey-sur-glace","15":"tag-indre-et-loire","16":"tag-nantes","17":"tag-news","18":"tag-pays-de-la-loire","19":"tag-remparts-de-tours","20":"tag-republique-francaise","21":"tag-sports","22":"tag-tours"},"share_on_mastodon":{"url":"https:\/\/pubeurope.com\/@fr\/115358812357665747","error":""},"_links":{"self":[{"href":"https:\/\/www.europesays.com\/fr\/wp-json\/wp\/v2\/posts\/456394","targetHints":{"allow":["GET"]}}],"collection":[{"href":"https:\/\/www.europesays.com\/fr\/wp-json\/wp\/v2\/posts"}],"about":[{"href":"https:\/\/www.europesays.com\/fr\/wp-json\/wp\/v2\/types\/post"}],"author":[{"embeddable":true,"href":"https:\/\/www.europesays.com\/fr\/wp-json\/wp\/v2\/users\/2"}],"replies":[{"embeddable":true,"href":"https:\/\/www.europesays.com\/fr\/wp-json\/wp\/v2\/comments?post=456394"}],"version-history":[{"count":0,"href":"https:\/\/www.europesays.com\/fr\/wp-json\/wp\/v2\/posts\/456394\/revisions"}],"wp:featuredmedia":[{"embeddable":true,"href":"https:\/\/www.europesays.com\/fr\/wp-json\/wp\/v2\/media\/456395"}],"wp:attachment":[{"href":"https:\/\/www.europesays.com\/fr\/wp-json\/wp\/v2\/media?parent=456394"}],"wp:term":[{"taxonomy":"category","embeddable":true,"href":"https:\/\/www.europesays.com\/fr\/wp-json\/wp\/v2\/categories?post=456394"},{"taxonomy":"post_tag","embeddable":true,"href":"https:\/\/www.europesays.com\/fr\/wp-json\/wp\/v2\/tags?post=456394"}],"curies":[{"name":"wp","href":"https:\/\/api.w.org\/{rel}","templated":true}]}}