{"id":456398,"date":"2025-10-12T02:23:20","date_gmt":"2025-10-12T02:23:20","guid":{"rendered":"https:\/\/www.europesays.com\/fr\/456398\/"},"modified":"2025-10-12T02:23:20","modified_gmt":"2025-10-12T02:23:20","slug":"girondins-votez-pour-le-meilleur-joueur-de-bordeaux-contre-tulle-foot-correze","status":"publish","type":"post","link":"https:\/\/www.europesays.com\/fr\/456398\/","title":{"rendered":"Girondins : Votez pour le meilleur joueur de Bordeaux contre Tulle Foot Corr\u00e8ze !"},"content":{"rendered":"<p>\n    11\/10 &#8211; 21:37 | Par Nicolas Pietrelli | Il y a<br \/>\n    7 heures\n  <\/p>\n<p><strong>C&rsquo;est \u00e0 vous de jouer ! Les supporters des Girondins de Bordeaux sont invit\u00e9s \u00e0 \u00e9lire le meilleur bordelais du match face \u00e0 Tulle FC en Coupe de France. Pour ce 5e tour de la comp\u00e9tition, vous avez l&rsquo;opportunit\u00e9 de d\u00e9signer le joueur qui s&rsquo;est le plus distingu\u00e9 chez les Marine et Blanc.<\/strong><\/p>\n<p><img decoding=\"async\" src=\"https:\/\/www.europesays.com\/fr\/wp-content\/uploads\/2025\/09\/671_b2d34ab3088ae05275937c2bbbac4d80.jpg\" alt=\"Girondins : Votez pour le meilleur joueur de Bordeaux contre Tulle Foot Corr\u00e8ze !\" class=\"img-responsive mt-3\"\/><\/p>\n<p class=\"text-center mb-3\" style=\"font-size: 14px\">\u00a9 Iconsport<\/p>\n<p>      <strong>Girondins de Bordeaux : votez pour le MVP du match contre Tulle<br \/><\/strong><\/p>\n<p>Voter ici et participez au classement du Top WG de la saison :<\/p>\n<p>\u00a0<\/p>\n<p>\u00a0<\/p>\n<p>\u00a0<\/p>\n<p>Suivez le <strong>D\u00e9brief \u00e0 Chaud<\/strong> sur\u00a0la <strong><a href=\"https:\/\/www.youtube.com\/watch?v=qG6eDZkgNjo\" target=\"_blank\" rel=\"noopener\">cha\u00eene YouTube de WebGirondins<\/a><\/strong>.<\/p>\n<p style=\"text-align: justify;\">Notre podcast court sur l&rsquo;actualit\u00e9 des Girondins \u00e0 \u00e9couter :<\/p>\n<p>\u00a0<\/p>\n<p>    <a href=\"https:\/\/www.webgirondins.com\/actualites-categorie-top-webgirondins-29\" target=\"_blank\" rel=\"noopener\">#Top WebGirondins<\/a><\/p>\n<p>  COMMENTAIRES<br \/>\n  ()<\/p>\n","protected":false},"excerpt":{"rendered":"11\/10 &#8211; 21:37 | Par Nicolas Pietrelli | Il y a 7 heures C&rsquo;est \u00e0 vous de jouer&hellip;\n","protected":false},"author":2,"featured_media":422412,"comment_status":"","ping_status":"","sticky":false,"template":"","format":"standard","meta":{"footnotes":""},"categories":[2817],"tags":[1111,11,1997,6950,1444,8531,615,55159,1777,674,2823,2257,1011,27,1987,12363,5236,1441,955,14954,12,2219,471,25,3333,10221,33227,53931,4568],"class_list":{"0":"post-456398","1":"post","2":"type-post","3":"status-publish","4":"format-standard","5":"has-post-thumbnail","7":"category-bordeaux","8":"tag-actu","9":"tag-actualites","10":"tag-bordeaux","11":"tag-bordelais","12":"tag-contre","13":"tag-correze","14":"tag-coupe","15":"tag-elire","16":"tag-eu","17":"tag-europe","18":"tag-face","19":"tag-foot","20":"tag-fr","21":"tag-france","22":"tag-girondins","23":"tag-invites","24":"tag-jouer","25":"tag-joueur","26":"tag-match","27":"tag-meilleur","28":"tag-news","29":"tag-nouvelle-aquitaine","30":"tag-pour","31":"tag-republique-francaise","32":"tag-sont","33":"tag-supporters","34":"tag-tulle","35":"tag-votez","36":"tag-vous"},"share_on_mastodon":{"url":"https:\/\/pubeurope.com\/@fr\/115358820159149906","error":""},"_links":{"self":[{"href":"https:\/\/www.europesays.com\/fr\/wp-json\/wp\/v2\/posts\/456398","targetHints":{"allow":["GET"]}}],"collection":[{"href":"https:\/\/www.europesays.com\/fr\/wp-json\/wp\/v2\/posts"}],"about":[{"href":"https:\/\/www.europesays.com\/fr\/wp-json\/wp\/v2\/types\/post"}],"author":[{"embeddable":true,"href":"https:\/\/www.europesays.com\/fr\/wp-json\/wp\/v2\/users\/2"}],"replies":[{"embeddable":true,"href":"https:\/\/www.europesays.com\/fr\/wp-json\/wp\/v2\/comments?post=456398"}],"version-history":[{"count":0,"href":"https:\/\/www.europesays.com\/fr\/wp-json\/wp\/v2\/posts\/456398\/revisions"}],"wp:featuredmedia":[{"embeddable":true,"href":"https:\/\/www.europesays.com\/fr\/wp-json\/wp\/v2\/media\/422412"}],"wp:attachment":[{"href":"https:\/\/www.europesays.com\/fr\/wp-json\/wp\/v2\/media?parent=456398"}],"wp:term":[{"taxonomy":"category","embeddable":true,"href":"https:\/\/www.europesays.com\/fr\/wp-json\/wp\/v2\/categories?post=456398"},{"taxonomy":"post_tag","embeddable":true,"href":"https:\/\/www.europesays.com\/fr\/wp-json\/wp\/v2\/tags?post=456398"}],"curies":[{"name":"wp","href":"https:\/\/api.w.org\/{rel}","templated":true}]}}