{"id":456405,"date":"2025-10-12T02:28:27","date_gmt":"2025-10-12T02:28:27","guid":{"rendered":"https:\/\/www.europesays.com\/fr\/456405\/"},"modified":"2025-10-12T02:28:27","modified_gmt":"2025-10-12T02:28:27","slug":"un-vehicule-en-panne-provoque-un-bouchon-sur-la7-a-la-sortie-de-marseille","status":"publish","type":"post","link":"https:\/\/www.europesays.com\/fr\/456405\/","title":{"rendered":"un v\u00e9hicule en panne provoque un bouchon sur l&rsquo;A7 \u00e0 la sortie de Marseille"},"content":{"rendered":"<p>Juste avant le tunnel de Saint-Antoine, un v\u00e9hicule est tomb\u00e9 en panne. Et ce sur l&rsquo;autorute A7 \u00e0 Marseille, en direction d&rsquo;Aix et Lyon. La voiture est sur la voie lente qui est donc coup\u00e9e au trafic dans ce secteur. Cons\u00e9quences : deux bouchons sont en cours. L&rsquo;un sur l&rsquo;A7, il remonte aux Arnavaux. L&rsquo;autre sur la rocade L2, il commence d\u00e8s Saint-Barth\u00e9l\u00e9my.<\/p>\n<p>La Direction interd\u00e9partementale des routes de M\u00e9diterran\u00e9e (Dirmed) signale que la d\u00e9panneuse va arriver sur place afin de d\u00e9gager de la chauss\u00e9e le v\u00e9hicule en rade. \u00c0 noter que, dans l&rsquo;autre sens, la circulation est ralentie.<\/p>\n","protected":false},"excerpt":{"rendered":"Juste avant le tunnel de Saint-Antoine, un v\u00e9hicule est tomb\u00e9 en panne. Et ce sur l&rsquo;autorute A7 \u00e0&hellip;\n","protected":false},"author":2,"featured_media":456406,"comment_status":"","ping_status":"","sticky":false,"template":"","format":"standard","meta":{"footnotes":""},"categories":[2814],"tags":[17,1111,11,4899,1102,1777,674,1011,27,1922,884,12,10899,882,7481,16,25,3356,1097,12109],"class_list":{"0":"post-456405","1":"post","2":"type-post","3":"status-publish","4":"format-standard","5":"has-post-thumbnail","7":"category-marseille","8":"tag-17","9":"tag-actu","10":"tag-actualites","11":"tag-bouchon","12":"tag-breakingnews","13":"tag-eu","14":"tag-europe","15":"tag-fr","16":"tag-france","17":"tag-info","18":"tag-marseille","19":"tag-news","20":"tag-panne","21":"tag-provence-alpes-cote-dazur","22":"tag-provoque","23":"tag-region","24":"tag-republique-francaise","25":"tag-sur","26":"tag-trafic","27":"tag-vehicule"},"share_on_mastodon":{"url":"https:\/\/pubeurope.com\/@fr\/115358839853752203","error":""},"_links":{"self":[{"href":"https:\/\/www.europesays.com\/fr\/wp-json\/wp\/v2\/posts\/456405","targetHints":{"allow":["GET"]}}],"collection":[{"href":"https:\/\/www.europesays.com\/fr\/wp-json\/wp\/v2\/posts"}],"about":[{"href":"https:\/\/www.europesays.com\/fr\/wp-json\/wp\/v2\/types\/post"}],"author":[{"embeddable":true,"href":"https:\/\/www.europesays.com\/fr\/wp-json\/wp\/v2\/users\/2"}],"replies":[{"embeddable":true,"href":"https:\/\/www.europesays.com\/fr\/wp-json\/wp\/v2\/comments?post=456405"}],"version-history":[{"count":0,"href":"https:\/\/www.europesays.com\/fr\/wp-json\/wp\/v2\/posts\/456405\/revisions"}],"wp:featuredmedia":[{"embeddable":true,"href":"https:\/\/www.europesays.com\/fr\/wp-json\/wp\/v2\/media\/456406"}],"wp:attachment":[{"href":"https:\/\/www.europesays.com\/fr\/wp-json\/wp\/v2\/media?parent=456405"}],"wp:term":[{"taxonomy":"category","embeddable":true,"href":"https:\/\/www.europesays.com\/fr\/wp-json\/wp\/v2\/categories?post=456405"},{"taxonomy":"post_tag","embeddable":true,"href":"https:\/\/www.europesays.com\/fr\/wp-json\/wp\/v2\/tags?post=456405"}],"curies":[{"name":"wp","href":"https:\/\/api.w.org\/{rel}","templated":true}]}}