{"id":456407,"date":"2025-10-12T02:29:13","date_gmt":"2025-10-12T02:29:13","guid":{"rendered":"https:\/\/www.europesays.com\/fr\/456407\/"},"modified":"2025-10-12T02:29:13","modified_gmt":"2025-10-12T02:29:13","slug":"marseille-confidentiels-quand-la-droite-soutient-la-cgt-du-port","status":"publish","type":"post","link":"https:\/\/www.europesays.com\/fr\/456407\/","title":{"rendered":"Marseille confidentiels :\u00a0 quand la droite soutient la CGT du Port"},"content":{"rendered":"<p>A priori pas grand-chose. Mais en interrogeant mardi le gouvernement sur la construction d&rsquo;un terminal de croisi\u00e8res de luxe sur le J4 pour mieux le d\u00e9noncer, le d\u00e9put\u00e9 LFI <a href=\"https:\/\/www.laprovence.com\/article\/politique\/1101670922471415\/manuel-bompard-vise-par-un-colis-piege-le-depute-lfi-de-marseille-espere-que-lenquete-permettra-didentifier-lauteur\" target=\"_blank\" rel=\"noopener\">Manuel Bompard<\/a> a r\u00e9ussi \u00e0 les rassembler. \u00ab\u00a0Caricaturer la petite et la grande croisi\u00e8re comme une menace pour la ville, c&rsquo;est m\u00e9conna\u00eetre la r\u00e9alit\u00e9 du travail portuaire et l&rsquo;\u00e9quilibre de l&rsquo;\u00e9conomie locale\u00a0\u00bb, tance la CGT. \u00ab\u00a0Bravo \u00e0 la CGT du Grand Port maritime de Marseille et Fluxel pour cette prise de position \u00e0 la hauteur\u00a0\u00bb, a r\u00e9agi sur X <a href=\"https:\/\/www.laprovence.com\/article\/politique\/3634658254941914\/municipales-2026-l-union-de-la-droite-a-marseille-aujourd-hui-c-est-un-fait-affirme-romain-simmarano\" target=\"_blank\" rel=\"noopener\">Romain Simmarano<\/a> (Ren.), pr\u00e9sident d&rsquo;Une G\u00e9n\u00e9ration pour Marseille, qui tacle \u00ab\u00a0la gauche marseillaise, presque unanime\u00a0\u00bb qui \u00ab\u00a0navigue entre indiff\u00e9rence et hostilit\u00e9 quant \u00e0 notre Port\u00a0\u00bb.<\/p>\n<p>Le sujet lui tient particuli\u00e8rement puisque Romain Simmarano est par ailleurs directeur de cabinet de Renaud Muselier (Ren.) \u00e0 la R\u00e9gion et rappelle r\u00e9guli\u00e8rement les aides qu&rsquo;elle apporte pour le d\u00e9veloppement \u00e9conomique du port. Avec aussi une fibre familiale puisque le p\u00e8re de cet ancien de LR \u00e9tait une figure de la CGT du port.<\/p>\n","protected":false},"excerpt":{"rendered":"A priori pas grand-chose. Mais en interrogeant mardi le gouvernement sur la construction d&rsquo;un terminal de croisi\u00e8res de&hellip;\n","protected":false},"author":2,"featured_media":456408,"comment_status":"","ping_status":"","sticky":false,"template":"","format":"standard","meta":{"footnotes":""},"categories":[2814],"tags":[17,1111,11,1271,2826,6592,1777,674,1011,27,884,12,316,5159,882,396,25,47163],"class_list":{"0":"post-456407","1":"post","2":"type-post","3":"status-publish","4":"format-standard","5":"has-post-thumbnail","7":"category-marseille","8":"tag-17","9":"tag-actu","10":"tag-actualites","11":"tag-cgt","12":"tag-confidentiels","13":"tag-droite","14":"tag-eu","15":"tag-europe","16":"tag-fr","17":"tag-france","18":"tag-marseille","19":"tag-news","20":"tag-politique","21":"tag-port","22":"tag-provence-alpes-cote-dazur","23":"tag-quand","24":"tag-republique-francaise","25":"tag-soutient"},"share_on_mastodon":{"url":"https:\/\/pubeurope.com\/@fr\/115358843708973429","error":""},"_links":{"self":[{"href":"https:\/\/www.europesays.com\/fr\/wp-json\/wp\/v2\/posts\/456407","targetHints":{"allow":["GET"]}}],"collection":[{"href":"https:\/\/www.europesays.com\/fr\/wp-json\/wp\/v2\/posts"}],"about":[{"href":"https:\/\/www.europesays.com\/fr\/wp-json\/wp\/v2\/types\/post"}],"author":[{"embeddable":true,"href":"https:\/\/www.europesays.com\/fr\/wp-json\/wp\/v2\/users\/2"}],"replies":[{"embeddable":true,"href":"https:\/\/www.europesays.com\/fr\/wp-json\/wp\/v2\/comments?post=456407"}],"version-history":[{"count":0,"href":"https:\/\/www.europesays.com\/fr\/wp-json\/wp\/v2\/posts\/456407\/revisions"}],"wp:featuredmedia":[{"embeddable":true,"href":"https:\/\/www.europesays.com\/fr\/wp-json\/wp\/v2\/media\/456408"}],"wp:attachment":[{"href":"https:\/\/www.europesays.com\/fr\/wp-json\/wp\/v2\/media?parent=456407"}],"wp:term":[{"taxonomy":"category","embeddable":true,"href":"https:\/\/www.europesays.com\/fr\/wp-json\/wp\/v2\/categories?post=456407"},{"taxonomy":"post_tag","embeddable":true,"href":"https:\/\/www.europesays.com\/fr\/wp-json\/wp\/v2\/tags?post=456407"}],"curies":[{"name":"wp","href":"https:\/\/api.w.org\/{rel}","templated":true}]}}