{"id":456419,"date":"2025-10-12T02:37:13","date_gmt":"2025-10-12T02:37:13","guid":{"rendered":"https:\/\/www.europesays.com\/fr\/456419\/"},"modified":"2025-10-12T02:37:13","modified_gmt":"2025-10-12T02:37:13","slug":"paris-tours-a-quelle-heure-et-sur-quelle-chaine-tv-suivre-la-derniere-classique-francaise-de-la-saison","status":"publish","type":"post","link":"https:\/\/www.europesays.com\/fr\/456419\/","title":{"rendered":"Paris-Tours : \u00e0 quelle heure et sur quelle cha\u00eene TV suivre la derni\u00e8re classique fran\u00e7aise de la saison ?"},"content":{"rendered":"<p class=\"paragraph text_align_left lp-f-body-02\">Lorsque Paris-Tours arrive, la fin de la saison de <a href=\"https:\/\/www.leparisien.fr\/sports\/cyclisme\/\" target=\"_self\" rel=\"nofollow noopener\">cyclisme<\/a> n\u2019est plus tr\u00e8s loin. La course, qui relie Chartres \u00e0 Tours, est la derni\u00e8re classique fran\u00e7aise de la saison, avec un parcours toujours aussi atypique. Longue de 211,6 kilom\u00e8tres, elle ne compte que 1 300 m\u00e8tres de d\u00e9nivel\u00e9 mais comporte une vari\u00e9t\u00e9 de surfaces et de terrains d\u00e9routante.<\/p>\n<p class=\"paragraph text_align_left lp-f-body-02\">La \u00ab Classique des Feuilles Mortes \u00bb comportera cette ann\u00e9e neuf chemins de vigne, tous fortement expos\u00e9s au vent. De quoi amener encore des surprises, avec des mouvements de course plus nombreux qu\u2019\u00e0 l\u2019accoutum\u00e9e. La victoire surprise de Riley Sheehan, alors stagiaire chez Isra\u00ebl &#8211; Premier Tech, en 2023, et le succ\u00e8s devant un peloton macul\u00e9 de boue du Fran\u00e7ais <a href=\"https:\/\/www.leparisien.fr\/sports\/cyclisme\/paris-tours-christophe-laporte-remporte-une-course-de-guerriers-dans-des-conditions-dantesques-06-10-2024-5KXNQLDF3VGALDOCDDJHX5N6V4.php\" target=\"_self\" rel=\"nofollow noopener\">Christophe Laporte<\/a> en 2024 en sont la parfaite illustration.<\/p>\n<p class=\"paragraph text_align_left lp-f-body-02\">Le m\u00e9daill\u00e9 de bronze aux Jeux Olympiques de Paris a connu une saison difficile, largement \u00e9court\u00e9e \u00e0 cause d\u2019un virus, mais pourrait bien \u00eatre au d\u00e9part. Il serait potentiellement oppos\u00e9 \u00e0 Jasper Philipsen, le sprinteur encore en qu\u00eate d\u2019une victoire sur une classique, et Arnaud de Lie, en grande forme avant de tomber malade ces derni\u00e8res semaines. La course promet dans tous les cas d\u2019\u00eatre anim\u00e9e, par les conditions m\u00e9t\u00e9o et ses acteurs, et par la retraite annonc\u00e9e d\u2019<a href=\"https:\/\/www.leparisien.fr\/sports\/cyclisme\/jai-eu-la-chance-de-vivre-mon-reve-arnaud-demare-annonce-partir-a-la-retraite-apres-paris-tours-09-10-2025-FBLMA7EMBRDSBGAKSHDVFSTTYE.php\" target=\"_self\" rel=\"nofollow noopener\">Arnaud D\u00e9marre<\/a>.<\/p>\n<p class=\"paragraph text_align_left lp-f-body-02\"><b>Le d\u00e9part de Paris-Tours est pr\u00e9vu dimanche 12 octobre. La course est \u00e0 suivre \u00e0 partir de 15 heures sur France 3 et \u00e0 partir de 16h15 sur Eurosport 2.<\/b><\/p>\n","protected":false},"excerpt":{"rendered":"Lorsque Paris-Tours arrive, la fin de la saison de cyclisme n\u2019est plus tr\u00e8s loin. La course, qui relie&hellip;\n","protected":false},"author":2,"featured_media":456420,"comment_status":"","ping_status":"","sticky":false,"template":"","format":"standard","meta":{"footnotes":""},"categories":[1888],"tags":[11,207,1777,674,1011,27,12,626,25,60],"class_list":{"0":"post-456419","1":"post","2":"type-post","3":"status-publish","4":"format-standard","5":"has-post-thumbnail","7":"category-paris","8":"tag-actualites","9":"tag-cyclisme","10":"tag-eu","11":"tag-europe","12":"tag-fr","13":"tag-france","14":"tag-news","15":"tag-paris","16":"tag-republique-francaise","17":"tag-sports"},"share_on_mastodon":{"url":"https:\/\/pubeurope.com\/@fr\/115358875229297707","error":""},"_links":{"self":[{"href":"https:\/\/www.europesays.com\/fr\/wp-json\/wp\/v2\/posts\/456419","targetHints":{"allow":["GET"]}}],"collection":[{"href":"https:\/\/www.europesays.com\/fr\/wp-json\/wp\/v2\/posts"}],"about":[{"href":"https:\/\/www.europesays.com\/fr\/wp-json\/wp\/v2\/types\/post"}],"author":[{"embeddable":true,"href":"https:\/\/www.europesays.com\/fr\/wp-json\/wp\/v2\/users\/2"}],"replies":[{"embeddable":true,"href":"https:\/\/www.europesays.com\/fr\/wp-json\/wp\/v2\/comments?post=456419"}],"version-history":[{"count":0,"href":"https:\/\/www.europesays.com\/fr\/wp-json\/wp\/v2\/posts\/456419\/revisions"}],"wp:featuredmedia":[{"embeddable":true,"href":"https:\/\/www.europesays.com\/fr\/wp-json\/wp\/v2\/media\/456420"}],"wp:attachment":[{"href":"https:\/\/www.europesays.com\/fr\/wp-json\/wp\/v2\/media?parent=456419"}],"wp:term":[{"taxonomy":"category","embeddable":true,"href":"https:\/\/www.europesays.com\/fr\/wp-json\/wp\/v2\/categories?post=456419"},{"taxonomy":"post_tag","embeddable":true,"href":"https:\/\/www.europesays.com\/fr\/wp-json\/wp\/v2\/tags?post=456419"}],"curies":[{"name":"wp","href":"https:\/\/api.w.org\/{rel}","templated":true}]}}