{"id":456421,"date":"2025-10-12T02:38:20","date_gmt":"2025-10-12T02:38:20","guid":{"rendered":"https:\/\/www.europesays.com\/fr\/456421\/"},"modified":"2025-10-12T02:38:20","modified_gmt":"2025-10-12T02:38:20","slug":"a-la-suite-de-lincursion-de-drones-russes-dans-le-ciel-polonais-une-attaque-de-desinformation-sans-precedent","status":"publish","type":"post","link":"https:\/\/www.europesays.com\/fr\/456421\/","title":{"rendered":"A la suite de l\u2019incursion de drones russes dans le ciel polonais, une attaque de\u00a0d\u00e9sinformation sans pr\u00e9c\u00e9dent"},"content":{"rendered":"<p>                         <img loading=\"lazy\" decoding=\"async\" src=\"https:\/\/www.europesays.com\/fr\/wp-content\/uploads\/2025\/10\/dd5c1e4_ftp-import-images-1-6s552vquyqwr-2025-09-11t103254z-1941167953-rc2jpgazkip2-rtrmadp-3-ukrain.jpeg\" alt=\"Le premier ministre polonais, Donald Tusk, devant des avions de chasse polonais\u00a0F-16\u00a0lors d\u2019une conf\u00e9rence de presse sur la menace pos\u00e9e par les drones russes dans l\u2019espace a\u00e9rien du pays, \u00e0 Lask, en Pologne, le 11\u00a0septembre 2025. \"   width=\"664\" height=\"443\"\/>    Le premier ministre polonais, Donald Tusk, devant des avions de chasse polonais\u00a0F-16\u00a0lors d\u2019une conf\u00e9rence de presse sur la menace pos\u00e9e par les drones russes dans l\u2019espace a\u00e9rien du pays, \u00e0 Lask, en Pologne, le 11\u00a0septembre 2025.  TOMASZ STANCZAK \/ AGENCJA WYBORCZA.PL \/ REUTERS                 <\/p>\n<p class=\"article__paragraph  \">Les sp\u00e9cialistes en cybers\u00e9curit\u00e9 et en lutte contre la d\u00e9sinformation en Pologne p\u00e8sent leurs mots quand ils parlent d\u2019\u00e9tat de guerre. Une guerre men\u00e9e par la Russie et la Bi\u00e9lorussie contre l\u2019Union europ\u00e9enne et l\u2019OTAN, qui a commenc\u00e9 en\u00a02014, au moment de l\u2019invasion russe de la Crim\u00e9e et du Donbass. Un conflit qui a son histoire, ses diff\u00e9rentes phases, et qui est mont\u00e9 d\u2019un cran dans la nuit du 10\u00a0au 11\u00a0septembre, quand une vingtaine de drones russes ont enfreint l\u2019espace a\u00e9rien polonais et que l\u2019OTAN a d\u00fb, pour la premi\u00e8re fois depuis sa fondation en\u00a01949, ouvrir le feu sur des objets volants ennemis dans l\u2019espace a\u00e9rien europ\u00e9en.<\/p>\n<p>   Lire plus tard  <\/p>\n<p class=\"article__paragraph  \">Cette nuit-l\u00e0, l\u2019Internet polonais s\u2019est emball\u00e9. De nombreux experts parlent d\u2019un tsunami de d\u00e9sinformation. \u00ab\u00a0Nous avons analys\u00e9 au cours de cette nuit quelque 200\u00a0000\u00a0mentions [statuts, messages, commentaires] relayant la narration russe, soit 200 \u00e0 300\u00a0mentions par minute, souligne Michal Fedorowicz, pr\u00e9sident du collectif Res Futura, expert dans l\u2019analyse des r\u00e9seaux sociaux et de leur impact sur l\u2019opinion publique. En ordre de grandeur, c\u2019est l\u2019\u00e9quivalent du mouvement que peut susciter une nuit \u00e9lectorale lors d\u2019un scrutin pr\u00e9sidentiel.\u00a0\u00bb<\/p>\n<p class=\"reading-mode-only \"><strong>Il vous reste 82.71% de cet article \u00e0 lire. La suite est r\u00e9serv\u00e9e aux abonn\u00e9s.<\/strong><\/p>\n","protected":false},"excerpt":{"rendered":"Le premier ministre polonais, Donald Tusk, devant des avions de chasse polonais\u00a0F-16\u00a0lors d\u2019une conf\u00e9rence de presse sur la&hellip;\n","protected":false},"author":2,"featured_media":456422,"comment_status":"","ping_status":"","sticky":false,"template":"","format":"standard","meta":{"footnotes":""},"categories":[1591],"tags":[11,1887,12,1885,1886,132],"class_list":{"0":"post-456421","1":"post","2":"type-post","3":"status-publish","4":"format-standard","5":"has-post-thumbnail","7":"category-russie","8":"tag-actualites","9":"tag-federation-de-russie","10":"tag-news","11":"tag-russia","12":"tag-russian-federation","13":"tag-russie"},"share_on_mastodon":{"url":"https:\/\/pubeurope.com\/@fr\/115358879697575282","error":""},"_links":{"self":[{"href":"https:\/\/www.europesays.com\/fr\/wp-json\/wp\/v2\/posts\/456421","targetHints":{"allow":["GET"]}}],"collection":[{"href":"https:\/\/www.europesays.com\/fr\/wp-json\/wp\/v2\/posts"}],"about":[{"href":"https:\/\/www.europesays.com\/fr\/wp-json\/wp\/v2\/types\/post"}],"author":[{"embeddable":true,"href":"https:\/\/www.europesays.com\/fr\/wp-json\/wp\/v2\/users\/2"}],"replies":[{"embeddable":true,"href":"https:\/\/www.europesays.com\/fr\/wp-json\/wp\/v2\/comments?post=456421"}],"version-history":[{"count":0,"href":"https:\/\/www.europesays.com\/fr\/wp-json\/wp\/v2\/posts\/456421\/revisions"}],"wp:featuredmedia":[{"embeddable":true,"href":"https:\/\/www.europesays.com\/fr\/wp-json\/wp\/v2\/media\/456422"}],"wp:attachment":[{"href":"https:\/\/www.europesays.com\/fr\/wp-json\/wp\/v2\/media?parent=456421"}],"wp:term":[{"taxonomy":"category","embeddable":true,"href":"https:\/\/www.europesays.com\/fr\/wp-json\/wp\/v2\/categories?post=456421"},{"taxonomy":"post_tag","embeddable":true,"href":"https:\/\/www.europesays.com\/fr\/wp-json\/wp\/v2\/tags?post=456421"}],"curies":[{"name":"wp","href":"https:\/\/api.w.org\/{rel}","templated":true}]}}