{"id":456433,"date":"2025-10-12T02:44:11","date_gmt":"2025-10-12T02:44:11","guid":{"rendered":"https:\/\/www.europesays.com\/fr\/456433\/"},"modified":"2025-10-12T02:44:11","modified_gmt":"2025-10-12T02:44:11","slug":"la-chaine-parlementaire-replay-du-11-10-2025-ici-leurope","status":"publish","type":"post","link":"https:\/\/www.europesays.com\/fr\/456433\/","title":{"rendered":"La Cha\u00eene parlementaire replay du 11\/10\/2025 : Ici l&rsquo;Europe"},"content":{"rendered":"<p>  11\/10\/2025  35min  5 vues<\/p>\n<p class=\"lead2 p-1 bg-body-tertiary rounded mt-2\">Th\u00e8me : \u00ab La guerre hybride de Poutine contre l&rsquo;Union europ\u00e9enne \u00bb.- Premi\u00e8re partie : Caroline de Camaret re\u00e7oit l&rsquo;ancien commissaire europ\u00e9en Thierry Breton pour \u00e9voquer l&rsquo;actualit\u00e9 europ\u00e9enne et internationale.- Deuxi\u00e8me partie : Caroline de Camaret et Thibault Henocque re\u00e7oivent les eurod\u00e9put\u00e9s Chlo\u00e9 Ridel (S&amp;D, France) et Radan Kanev (PPE, Bulgarie) pour un d\u00e9bat sur le th\u00e8me : \u00ab Survols de drones, navires fant\u00f4mes, d\u00e9sinformation : la guerre hybride de Poutine contre l&rsquo;Union europ\u00e9enne \u00bb.Ici, l&rsquo;EuropeChaque semaine, LCP Assembl\u00e9e nationale, Public S\u00e9nat et France24 vous plongent au coeur des questions qui secouent l&rsquo;Europe : Covid-19, questions migratoires, \u00ab Green deal \u00bb, Brexit ou encore souverainet\u00e9 digitale. Quel avenir pour l&rsquo;Union et ses 450 millions d&rsquo;habitants ? Une demi-heure d&rsquo;information pour mieux comprendre les enjeux europ\u00e9ens.<\/p>\n","protected":false},"excerpt":{"rendered":"11\/10\/2025 35min 5 vues Th\u00e8me : \u00ab La guerre hybride de Poutine contre l&rsquo;Union europ\u00e9enne \u00bb.- Premi\u00e8re partie&hellip;\n","protected":false},"author":2,"featured_media":456434,"comment_status":"","ping_status":"","sticky":false,"template":"","format":"standard","meta":{"footnotes":"","_share_on_mastodon":"0"},"categories":[1586],"tags":[39020,11,6394,39019,1777,674,1779,1011,27,39014,39013,12,39016,39017,39018,503,39015,502,39022,39021,362,58157,58158,25,39012,1778,364],"class_list":["post-456433","post","type-post","status-publish","format-standard","has-post-thumbnail","category-europe","tag-a-la-tv","tag-actualites","tag-ce-soir-tv","tag-en-ce-moment-tv","tag-eu","tag-europe","tag-european-union","tag-fr","tag-france","tag-guide-tele","tag-guide-tv","tag-news","tag-programme-canalsat","tag-programme-freebox","tag-programme-orange","tag-programme-tele","tag-programme-tnt","tag-programme-tv","tag-que-regarder-a-la-tv","tag-regarder-la-tv","tag-replay","tag-replay-tv","tag-replaytv","tag-republique-francaise","tag-soiree-tv","tag-ue","tag-union-europeenne"],"share_on_mastodon":{"url":"https:\/\/pubeurope.com\/@fr\/115358902811287482","error":""},"_links":{"self":[{"href":"https:\/\/www.europesays.com\/fr\/wp-json\/wp\/v2\/posts\/456433","targetHints":{"allow":["GET"]}}],"collection":[{"href":"https:\/\/www.europesays.com\/fr\/wp-json\/wp\/v2\/posts"}],"about":[{"href":"https:\/\/www.europesays.com\/fr\/wp-json\/wp\/v2\/types\/post"}],"author":[{"embeddable":true,"href":"https:\/\/www.europesays.com\/fr\/wp-json\/wp\/v2\/users\/2"}],"replies":[{"embeddable":true,"href":"https:\/\/www.europesays.com\/fr\/wp-json\/wp\/v2\/comments?post=456433"}],"version-history":[{"count":0,"href":"https:\/\/www.europesays.com\/fr\/wp-json\/wp\/v2\/posts\/456433\/revisions"}],"wp:featuredmedia":[{"embeddable":true,"href":"https:\/\/www.europesays.com\/fr\/wp-json\/wp\/v2\/media\/456434"}],"wp:attachment":[{"href":"https:\/\/www.europesays.com\/fr\/wp-json\/wp\/v2\/media?parent=456433"}],"wp:term":[{"taxonomy":"category","embeddable":true,"href":"https:\/\/www.europesays.com\/fr\/wp-json\/wp\/v2\/categories?post=456433"},{"taxonomy":"post_tag","embeddable":true,"href":"https:\/\/www.europesays.com\/fr\/wp-json\/wp\/v2\/tags?post=456433"}],"curies":[{"name":"wp","href":"https:\/\/api.w.org\/{rel}","templated":true}]}}