{"id":456438,"date":"2025-10-12T02:47:16","date_gmt":"2025-10-12T02:47:16","guid":{"rendered":"https:\/\/www.europesays.com\/fr\/456438\/"},"modified":"2025-10-12T02:47:16","modified_gmt":"2025-10-12T02:47:16","slug":"france-espagne-a-quelle-heure-et-sur-quelle-chaine-tv-suivre-les-freres-lebrun-au-championnat-deurope-de-tennis-de-table","status":"publish","type":"post","link":"https:\/\/www.europesays.com\/fr\/456438\/","title":{"rendered":"France-Espagne\u00a0: \u00e0 quelle heure et sur quelle cha\u00eene TV suivre les fr\u00e8res Lebrun au Championnat d\u2019Europe de tennis de table\u00a0?"},"content":{"rendered":"<p class=\"paragraph text_align_left lp-f-body-02\">La France veut montrer qu\u2019elle est le fer de lance europ\u00e9en du tennis de table. Et quelle meilleure occasion pour cela que les Championnats d\u2019Europe, pr\u00e9vus du 12 au 19 octobre 2025. Les Bleus entrent en lice d\u00e8s dimanche pour d\u00e9fier l\u2019Espagne, elle aussi pr\u00e9tendante au sacre final.<\/p>\n<p class=\"paragraph text_align_left lp-f-body-02\">L\u2019\u00e9quipe masculine est particuli\u00e8rement comp\u00e9titive, port\u00e9e notamment par les fr\u00e8res Lebrun. F\u00e9lix est en pleine confiance apr\u00e8s <a href=\"https:\/\/www.leparisien.fr\/sports\/tennis-de-table-fin-du-reve-pour-felix-lebrun-battu-en-finale-du-grand-smash-de-pekin-par-le-numero-1-mondial-chinois-05-10-2025-KGKRYJRYNFDNDEBDCIV7ZP24SA.php\" target=\"_self\" rel=\"nofollow noopener\">une finale au WTT China Smash<\/a>, tandis qu\u2019Alexis, 12e mondial, est champion d\u2019Europe en individuel. Derri\u00e8re eux, Simon Gauzy ne fait pas p\u00e2le figure, du haut de sa 18e place au classement mondial et sa demi-finale dans l\u2019Europe Smash europ\u00e9en en ao\u00fbt.<\/p>\n<p class=\"paragraph text_align_left lp-f-body-02\"><a href=\"https:\/\/www.leparisien.fr\/sports\/tennis-de-table-en-france-il-ny-a-pas-que-les-lebrun-a-16-ans-flavien-coton-brille-deja-29-03-2025-KDHOKOPZSRDVPLUFVFRUWOKIR4.php\" target=\"_self\" rel=\"nofollow noopener\">Thibault Poret et Flavien Coton<\/a> viendront eux ajouter de la fra\u00eecheur et de la profondeur \u00e0 cet effectif, en qu\u00eate d\u2019un premier succ\u00e8s europ\u00e9en depuis 1998. La marche reste haute, avec l\u2019Espagne donc mais aussi l\u2019Allemagne ou la Croatie, \u00e0 domicile.<\/p>\n<p class=\"paragraph text_align_left lp-f-body-02\">Chez les femmes, les Fran\u00e7aises men\u00e9es par Jia Nan Yuan et Prithika Pavade seront aussi oppos\u00e9es aux Espagnoles. T\u00eate de s\u00e9rie num\u00e9ro trois, elles ont une carte \u00e0 jouer dans une comp\u00e9tition promise \u00e0 l\u2019Allemagne, double vainqueure en titre. La Roumanie, entre jeunesse et exp\u00e9rience, compl\u00e8te le trio de favoris.<\/p>\n<p class=\"paragraph text_align_left lp-f-body-02\"><b>L\u2019entr\u00e9e en lice des Bleus face \u00e0 l\u2019Espagne est pr\u00e9vue dimanche 12 octobre \u00e0 13 heures. La rencontre est diffus\u00e9e sur L\u2019\u00c9quipe.<\/b><\/p>\n","protected":false},"excerpt":{"rendered":"La France veut montrer qu\u2019elle est le fer de lance europ\u00e9en du tennis de table. Et quelle meilleure&hellip;\n","protected":false},"author":2,"featured_media":456439,"comment_status":"","ping_status":"","sticky":false,"template":"","format":"standard","meta":{"footnotes":""},"categories":[4],"tags":[11,1011,27,12,25,60],"class_list":{"0":"post-456438","1":"post","2":"type-post","3":"status-publish","4":"format-standard","5":"has-post-thumbnail","7":"category-france","8":"tag-actualites","9":"tag-fr","10":"tag-france","11":"tag-news","12":"tag-republique-francaise","13":"tag-sports"},"share_on_mastodon":{"url":"https:\/\/pubeurope.com\/@fr\/115358914478288959","error":""},"_links":{"self":[{"href":"https:\/\/www.europesays.com\/fr\/wp-json\/wp\/v2\/posts\/456438","targetHints":{"allow":["GET"]}}],"collection":[{"href":"https:\/\/www.europesays.com\/fr\/wp-json\/wp\/v2\/posts"}],"about":[{"href":"https:\/\/www.europesays.com\/fr\/wp-json\/wp\/v2\/types\/post"}],"author":[{"embeddable":true,"href":"https:\/\/www.europesays.com\/fr\/wp-json\/wp\/v2\/users\/2"}],"replies":[{"embeddable":true,"href":"https:\/\/www.europesays.com\/fr\/wp-json\/wp\/v2\/comments?post=456438"}],"version-history":[{"count":0,"href":"https:\/\/www.europesays.com\/fr\/wp-json\/wp\/v2\/posts\/456438\/revisions"}],"wp:featuredmedia":[{"embeddable":true,"href":"https:\/\/www.europesays.com\/fr\/wp-json\/wp\/v2\/media\/456439"}],"wp:attachment":[{"href":"https:\/\/www.europesays.com\/fr\/wp-json\/wp\/v2\/media?parent=456438"}],"wp:term":[{"taxonomy":"category","embeddable":true,"href":"https:\/\/www.europesays.com\/fr\/wp-json\/wp\/v2\/categories?post=456438"},{"taxonomy":"post_tag","embeddable":true,"href":"https:\/\/www.europesays.com\/fr\/wp-json\/wp\/v2\/tags?post=456438"}],"curies":[{"name":"wp","href":"https:\/\/api.w.org\/{rel}","templated":true}]}}