{"id":456440,"date":"2025-10-12T02:50:17","date_gmt":"2025-10-12T02:50:17","guid":{"rendered":"https:\/\/www.europesays.com\/fr\/456440\/"},"modified":"2025-10-12T02:50:17","modified_gmt":"2025-10-12T02:50:17","slug":"rayan-rebbadj-ce-qui-doit-arriver-arrivera-mais-si-je-pars-je-serais-degoute","status":"publish","type":"post","link":"https:\/\/www.europesays.com\/fr\/456440\/","title":{"rendered":"Rayan Rebbadj : \u00ab Ce qui doit arriver, arrivera, mais si je pars, je serais d\u00e9go\u00fbt\u00e9 \u00bb"},"content":{"rendered":"<p data-start=\"79\" data-end=\"432\">Ces derniers mois, <strong data-start=\"98\" data-end=\"115\">Rayan Rebbadj<\/strong> a appris \u00e0 composer avec les hauts et les bas. Apr\u00e8s un passage remarqu\u00e9 avec <strong data-start=\"194\" data-end=\"220\">l\u2019\u00e9quipe de France \u00e0 7<\/strong>, le trois-quarts toulonnais entend d\u00e9sormais se faire une place dans le groupe de <strong data-start=\"303\" data-end=\"321\">Pierre Mignoni<\/strong>.<\/p>\n<p data-start=\"79\" data-end=\"432\">Longtemps rest\u00e9 dans l\u2019ombre de son fr\u00e8re <strong data-start=\"365\" data-end=\"373\">Swan<\/strong>, il veut d\u00e9sormais \u00e9crire sa propre histoire au <strong data-start=\"422\" data-end=\"429\">RCT<\/strong>.<\/p>\n<p data-start=\"434\" data-end=\"1145\">Revenu \u00e0 XV apr\u00e8s son aventure olympique, le joueur form\u00e9 \u00e0 <strong data-start=\"494\" data-end=\"510\">Port-de-Bouc<\/strong> a retrouv\u00e9 un \u00e9tat d\u2019esprit conqu\u00e9rant.<\/p>\n<p data-start=\"434\" data-end=\"1145\">\u00ab On a fait quelque chose d\u2019immense, mais d\u00e9sormais, j\u2019ai envie de parler de Toulon, de Top 14. \u00bb<\/p>\n<p data-start=\"434\" data-end=\"1145\">Confiant, il sait que la transition ne se fera pas du jour au lendemain, mais il affiche un mental de comp\u00e9titeur.<\/p>\n<p data-start=\"434\" data-end=\"1145\"><strong>Il s\u2019est confi\u00e9 via Midi Olympique :<\/strong><\/p>\n<p data-start=\"434\" data-end=\"1145\">\u00ab On \u00e9voque souvent le sujet entre nous, et j\u2019en parle plus avec Nelson \u00c9p\u00e9e. Nous jouons tous les deux dans un grand club. C\u2019est vraiment dur de faire sa place. Cet \u00e9t\u00e9, je suis revenu avec un autre \u00e9tat d\u2019esprit. Au Seven, j\u2019ai pris confiance gr\u00e2ce \u00e0 la continuit\u00e9. Je suis en qu\u00eate de \u00e7a dans mon aventure \u00e0 Toulon. J\u2019ai envie de me l\u00e2cher un peu plus pour convaincre. \u00bb<\/p>\n<p data-start=\"1147\" data-end=\"1181\"><strong>Un essai comme d\u00e9clencheur<\/strong><\/p>\n<p data-start=\"1182\" data-end=\"1807\">Profitant des absences de <strong data-start=\"1208\" data-end=\"1220\">Villi\u00e8re<\/strong> et <strong data-start=\"1224\" data-end=\"1233\">Dr\u00e9an<\/strong>, Rayan Rebbadj a \u00e9t\u00e9 titularis\u00e9 face \u00e0 <strong data-start=\"1273\" data-end=\"1280\">Pau<\/strong>, o\u00f9 il a inscrit un essai symbolique. Une r\u00e9alisation qui pourrait bien marquer un tournant dans sa jeune carri\u00e8re.<\/p>\n<p data-start=\"1182\" data-end=\"1807\">\u00ab Pourquoi pas moi un jour ? Moi aussi, j\u2019ai envie de marquer \u00e0 Mayol. \u00c0 force de travail, c\u2019est arriv\u00e9. Quand j\u2019ai saut\u00e9 dans l\u2019en-but, beaucoup de choses se sont bouscul\u00e9es avec une pens\u00e9e pour mon grand-p\u00e8re, mes parents, ma ni\u00e8ce. C\u2019est beaucoup de fiert\u00e9, mais il ne faut pas s\u2019arr\u00eater. Je pense avoir rendu la confiance de Pierre Mignoni, mais ce n\u2019est qu\u2019une \u00e9tape. \u00bb<\/p>\n<p data-start=\"1809\" data-end=\"1861\"><strong data-start=\"1813\" data-end=\"1861\">Le RCT dans le c\u0153ur, la t\u00eate dans le pr\u00e9sent<\/strong><\/p>\n<p data-start=\"1862\" data-end=\"2352\">L\u2019ailier pr\u00e9f\u00e8re rester concentr\u00e9 sur le moment pr\u00e9sent, sans se projeter sur son avenir \u00e0 long terme.<\/p>\n<p data-start=\"1862\" data-end=\"2352\">\u00ab Je ne r\u00e9fl\u00e9chis pas comme \u00e7a (sourire). Le seul objectif est de r\u00e9ussir \u00e0 long terme, de prendre du plaisir et de rendre fi\u00e8re ma famille. Ce qui doit arriver, arrivera. Mais si je pars, je serais d\u00e9go\u00fbt\u00e9. Toulon est mon club de c\u0153ur, mais le rugby est parfois fait comme \u00e7a. J\u2019ai aussi des contacts avec l\u2019\u00e9quipe de France \u00e0 7, mais je veux d\u2019abord me concentrer sur le pr\u00e9sent. \u00bb<\/p>\n<p data-start=\"2354\" data-end=\"2566\" data-is-last-node=\"\" data-is-only-node=\"\">\u00c0 26 ans, Rayan Rebbadj semble avoir trouv\u00e9 l\u2019\u00e9quilibre entre humilit\u00e9 et ambition. Travailleur, d\u00e9termin\u00e9 et fid\u00e8le \u00e0 ses racines, il incarne parfaitement cet esprit toulonnais fait de combat et de pers\u00e9v\u00e9rance.<\/p>\n","protected":false},"excerpt":{"rendered":"Ces derniers mois, Rayan Rebbadj a appris \u00e0 composer avec les hauts et les bas. Apr\u00e8s un passage&hellip;\n","protected":false},"author":2,"featured_media":456441,"comment_status":"","ping_status":"","sticky":false,"template":"","format":"standard","meta":{"footnotes":""},"categories":[1416],"tags":[1011,27,479,1468,60],"class_list":{"0":"post-456440","1":"post","2":"type-post","3":"status-publish","4":"format-standard","5":"has-post-thumbnail","7":"category-rugby","8":"tag-fr","9":"tag-france","10":"tag-rugby","11":"tag-rugby-football","12":"tag-sports"},"share_on_mastodon":{"url":"https:\/\/pubeurope.com\/@fr\/115358926273502120","error":""},"_links":{"self":[{"href":"https:\/\/www.europesays.com\/fr\/wp-json\/wp\/v2\/posts\/456440","targetHints":{"allow":["GET"]}}],"collection":[{"href":"https:\/\/www.europesays.com\/fr\/wp-json\/wp\/v2\/posts"}],"about":[{"href":"https:\/\/www.europesays.com\/fr\/wp-json\/wp\/v2\/types\/post"}],"author":[{"embeddable":true,"href":"https:\/\/www.europesays.com\/fr\/wp-json\/wp\/v2\/users\/2"}],"replies":[{"embeddable":true,"href":"https:\/\/www.europesays.com\/fr\/wp-json\/wp\/v2\/comments?post=456440"}],"version-history":[{"count":0,"href":"https:\/\/www.europesays.com\/fr\/wp-json\/wp\/v2\/posts\/456440\/revisions"}],"wp:featuredmedia":[{"embeddable":true,"href":"https:\/\/www.europesays.com\/fr\/wp-json\/wp\/v2\/media\/456441"}],"wp:attachment":[{"href":"https:\/\/www.europesays.com\/fr\/wp-json\/wp\/v2\/media?parent=456440"}],"wp:term":[{"taxonomy":"category","embeddable":true,"href":"https:\/\/www.europesays.com\/fr\/wp-json\/wp\/v2\/categories?post=456440"},{"taxonomy":"post_tag","embeddable":true,"href":"https:\/\/www.europesays.com\/fr\/wp-json\/wp\/v2\/tags?post=456440"}],"curies":[{"name":"wp","href":"https:\/\/api.w.org\/{rel}","templated":true}]}}