{"id":456448,"date":"2025-10-12T02:56:16","date_gmt":"2025-10-12T02:56:16","guid":{"rendered":"https:\/\/www.europesays.com\/fr\/456448\/"},"modified":"2025-10-12T02:56:16","modified_gmt":"2025-10-12T02:56:16","slug":"le-real-et-le-barca-embarques-dans-une-nouvelle-competition","status":"publish","type":"post","link":"https:\/\/www.europesays.com\/fr\/456448\/","title":{"rendered":"Le Real et le Bar\u00e7a embarqu\u00e9s dans une nouvelle comp\u00e9tition"},"content":{"rendered":"<p><b>A l\u2019occasion du sommet du football au Portugal, Andr\u00e9 Villas-Boas a pr\u00e9sent\u00e9 son projet de nouvelle comp\u00e9tition. Le pr\u00e9sident du FC Porto travaille sur la cr\u00e9ation d\u2019une Supercoupe ib\u00e9rique o\u00f9 les meilleurs clubs portugais affronteraient les cadors espagnols dans une ligue ferm\u00e9e.<\/b><\/p>\n<p>La FIFA et l\u2019UEFA ne sont pas les seules \u00e0 imaginer de nouveaux tournois. Pendant le sommet du football au Portugal, qui s\u2019est tenu de mercredi jusqu\u2019\u00e0 ce samedi \u00e0 Oeiras dans la banlieue ouest de Lisbonne, Andr\u00e9 Villas-Boas a lui aussi expos\u00e9 ses id\u00e9es. Le pr\u00e9sident du FC Porto, aux commandes depuis l\u2019ann\u00e9e derni\u00e8re, a \u00e9voqu\u00e9 son projet de Supercoupe ib\u00e9rique.<\/p>\n<p><img decoding=\"async\" src=\"https:\/\/www.europesays.com\/fr\/wp-content\/uploads\/2025\/10\/652.png\" alt=\"Porto\" class=\"w-12 h-12 object-contain\"\/><img decoding=\"async\" class=\"w-4 h-4 left-[1.67px] top-[1.67px] absolute\" src=\"https:\/\/www.europesays.com\/fr\/wp-content\/uploads\/2025\/10\/462.png\" alt=\"Liga Portugal\"\/><\/p>\n<p>Liga Portugal<\/p>\n<p>05 octobre 2025 \u00e0 22:15<\/p>\n<p>Liga Portugal<\/p>\n<p>02 octobre 2025 \u00e0 21:00<\/p>\n<p>Europa League<\/p>\n<p><img decoding=\"async\" src=\"https:\/\/www.europesays.com\/fr\/wp-content\/uploads\/2025\/10\/37622274.png\" alt=\"S. Omorodion Aghehowa\" class=\"w-16 h-16 object-cover rounded-full\"\/><\/p>\n<p>9.S. Omorodion Aghehowa<\/p>\n<p><img decoding=\"async\" src=\"https:\/\/www.europesays.com\/fr\/wp-content\/uploads\/2025\/10\/es.png\" alt=\"ESP\" class=\"w-6 h-4 object-cover\"\/>ESP \u2022 \u00c2ge  \u2022 Attaquant<img decoding=\"async\" src=\"https:\/\/www.europesays.com\/fr\/wp-content\/uploads\/2025\/10\/439683.png\" alt=\"E. Aquino Cossa\" class=\"w-16 h-16 object-cover rounded-full\"\/><\/p>\n<p>11.E. Aquino Cossa<\/p>\n<p><img decoding=\"async\" src=\"https:\/\/www.europesays.com\/fr\/wp-content\/uploads\/2025\/09\/br.png\" alt=\"BRA\" class=\"w-6 h-4 object-cover\"\/>BRA \u2022 \u00c2ge 28 \u2022 AttaquantL\u2019id\u00e9e serait de r\u00e9unir les trois grands clubs portugais, \u00e0 savoir le FC Porto, Benfica et le Sporting, dans un tournoi que disputeraient \u00e9galement les trois cadors de Liga. Un projet apparemment s\u00e9duisant aux yeux du <a href=\"https:\/\/www.foot01.com\/foot-europeen\/espagne\/\" target=\"_blank\" rel=\"nofollow noopener\">Real Madrid<\/a>, du FC Barcelone et de l\u2019Atl\u00e9tico Madrid. Du moins selon Andr\u00e9 Villas-Boas qui a \u00e9galement pr\u00e9sent\u00e9 son id\u00e9e \u00e0 la F\u00e9d\u00e9ration portugaise de football. \u00ab Nous sommes sur la voie de l&rsquo;expansion de notre marque et de notre positionnement international, a expliqu\u00e9 l\u2019ancien coach de l\u2019Olympique de Marseille au micro de Cabine Desportiva. C&rsquo;est un d\u00e9fi de taille, qui s&rsquo;accompagnera probablement de nouvelles comp\u00e9titions. \u00bb<\/p>\n<p>\u00ab Si l&rsquo;on consid\u00e8re d&rsquo;autres sports que le football, nous avons d&rsquo;autres comp\u00e9titions comme les Supercoupes ib\u00e9riques, les ligues transfrontali\u00e8res\u2026 Je pense que le football ira dans cette direction dans dix ans. J&rsquo;ai lanc\u00e9 le d\u00e9fi d&rsquo;une Supercoupe ib\u00e9rique \u00e0 Pedro Proen\u00e7a (pr\u00e9sident de la F\u00e9d\u00e9ration portugaise de football) et \u00e0 d&rsquo;autres grands clubs portugais et espagnols. Aujourd&rsquo;hui, nous sommes tous en d\u00e9saccord, mais l&rsquo;id\u00e9e de la cr\u00e9er est rest\u00e9e. A l&rsquo;\u00e9poque, elle a \u00e9t\u00e9 tr\u00e8s bien accueillie par le Real Madrid, Barcelone, l&rsquo;Atl\u00e9tico Madrid, Benfica, le Sporting et la F\u00e9d\u00e9ration \u00bb, s\u2019est r\u00e9joui AVB dont le projet en est encore \u00e0 ses d\u00e9buts.<\/p>\n","protected":false},"excerpt":{"rendered":"A l\u2019occasion du sommet du football au Portugal, Andr\u00e9 Villas-Boas a pr\u00e9sent\u00e9 son projet de nouvelle comp\u00e9tition. Le&hellip;\n","protected":false},"author":2,"featured_media":456449,"comment_status":"","ping_status":"","sticky":false,"template":"","format":"standard","meta":{"footnotes":""},"categories":[1410],"tags":[63,1011,27,60],"class_list":{"0":"post-456448","1":"post","2":"type-post","3":"status-publish","4":"format-standard","5":"has-post-thumbnail","7":"category-football","8":"tag-football","9":"tag-fr","10":"tag-france","11":"tag-sports"},"share_on_mastodon":{"url":"https:\/\/pubeurope.com\/@fr\/115358950846849339","error":""},"_links":{"self":[{"href":"https:\/\/www.europesays.com\/fr\/wp-json\/wp\/v2\/posts\/456448","targetHints":{"allow":["GET"]}}],"collection":[{"href":"https:\/\/www.europesays.com\/fr\/wp-json\/wp\/v2\/posts"}],"about":[{"href":"https:\/\/www.europesays.com\/fr\/wp-json\/wp\/v2\/types\/post"}],"author":[{"embeddable":true,"href":"https:\/\/www.europesays.com\/fr\/wp-json\/wp\/v2\/users\/2"}],"replies":[{"embeddable":true,"href":"https:\/\/www.europesays.com\/fr\/wp-json\/wp\/v2\/comments?post=456448"}],"version-history":[{"count":0,"href":"https:\/\/www.europesays.com\/fr\/wp-json\/wp\/v2\/posts\/456448\/revisions"}],"wp:featuredmedia":[{"embeddable":true,"href":"https:\/\/www.europesays.com\/fr\/wp-json\/wp\/v2\/media\/456449"}],"wp:attachment":[{"href":"https:\/\/www.europesays.com\/fr\/wp-json\/wp\/v2\/media?parent=456448"}],"wp:term":[{"taxonomy":"category","embeddable":true,"href":"https:\/\/www.europesays.com\/fr\/wp-json\/wp\/v2\/categories?post=456448"},{"taxonomy":"post_tag","embeddable":true,"href":"https:\/\/www.europesays.com\/fr\/wp-json\/wp\/v2\/tags?post=456448"}],"curies":[{"name":"wp","href":"https:\/\/api.w.org\/{rel}","templated":true}]}}