{"id":456452,"date":"2025-10-12T02:58:20","date_gmt":"2025-10-12T02:58:20","guid":{"rendered":"https:\/\/www.europesays.com\/fr\/456452\/"},"modified":"2025-10-12T02:58:20","modified_gmt":"2025-10-12T02:58:20","slug":"marcigny-cinq-ans-apres-son-installation-le-peintre-xavier-chatagnier-est-fier-du-chemin-parcouru","status":"publish","type":"post","link":"https:\/\/www.europesays.com\/fr\/456452\/","title":{"rendered":"Marcigny. Cinq ans apr\u00e8s son installation, le peintre Xavier Chatagnier est fier du chemin parcouru"},"content":{"rendered":"<p>Il voulait devenir cuisinier mais a finalement troqu\u00e9 les casseroles et les couteaux contre les rouleaux et les pinceaux. \u00c0 16 ans, lorsqu\u2019il rate son examen d\u2019entr\u00e9e en h\u00f4tellerie-restauration, le Marcignot Xavier Chatagnier doit envisager un plan B. Un de ses copains apprenti pl\u00e2trier-peintre lui donne envie d\u2019essayer, par curiosit\u00e9. \u00ab\u00a0\u00c7a m\u2019a tout de suite plu, la preuve je suis toujours dedans\u00a0\u00bb, sourit celui qui est \u00e2g\u00e9 aujourd\u2019hui de 52 ans.<\/p>\n<p>Chez Andr\u00e9 Mongenet, \u00e0 Iguerande, l\u2019adolescent apprend toutes les ficelles du m\u00e9tier. \u00ab\u00a0C\u2019\u00e9tait mon ma\u00eetre d\u2019apprentissage et un second p\u00e8re pour moi. C\u2019est gr\u00e2ce \u00e0 lui que j\u2019en suis l\u00e0&#8230;<\/p>\n","protected":false},"excerpt":{"rendered":"Il voulait devenir cuisinier mais a finalement troqu\u00e9 les casseroles et les couteaux contre les rouleaux et les&hellip;\n","protected":false},"author":2,"featured_media":456453,"comment_status":"","ping_status":"","sticky":false,"template":"","format":"standard","meta":{"footnotes":""},"categories":[1358],"tags":[1477,1348,1384,1385,1386,58,33,3895,59,107,1011,27,58161,58162],"class_list":{"0":"post-456452","1":"post","2":"type-post","3":"status-publish","4":"format-standard","5":"has-post-thumbnail","7":"category-arts-et-design","8":"tag-artisanat","9":"tag-arts","10":"tag-arts-and-design","11":"tag-arts-et-design","12":"tag-design","13":"tag-divertissement","14":"tag-economie","15":"tag-edition-charolais-brionnais","16":"tag-entertainment","17":"tag-fil-info","18":"tag-fr","19":"tag-france","20":"tag-marcigny","21":"tag-marcigny-bassin"},"share_on_mastodon":{"url":"https:\/\/pubeurope.com\/@fr\/115358957804084151","error":""},"_links":{"self":[{"href":"https:\/\/www.europesays.com\/fr\/wp-json\/wp\/v2\/posts\/456452","targetHints":{"allow":["GET"]}}],"collection":[{"href":"https:\/\/www.europesays.com\/fr\/wp-json\/wp\/v2\/posts"}],"about":[{"href":"https:\/\/www.europesays.com\/fr\/wp-json\/wp\/v2\/types\/post"}],"author":[{"embeddable":true,"href":"https:\/\/www.europesays.com\/fr\/wp-json\/wp\/v2\/users\/2"}],"replies":[{"embeddable":true,"href":"https:\/\/www.europesays.com\/fr\/wp-json\/wp\/v2\/comments?post=456452"}],"version-history":[{"count":0,"href":"https:\/\/www.europesays.com\/fr\/wp-json\/wp\/v2\/posts\/456452\/revisions"}],"wp:featuredmedia":[{"embeddable":true,"href":"https:\/\/www.europesays.com\/fr\/wp-json\/wp\/v2\/media\/456453"}],"wp:attachment":[{"href":"https:\/\/www.europesays.com\/fr\/wp-json\/wp\/v2\/media?parent=456452"}],"wp:term":[{"taxonomy":"category","embeddable":true,"href":"https:\/\/www.europesays.com\/fr\/wp-json\/wp\/v2\/categories?post=456452"},{"taxonomy":"post_tag","embeddable":true,"href":"https:\/\/www.europesays.com\/fr\/wp-json\/wp\/v2\/tags?post=456452"}],"curies":[{"name":"wp","href":"https:\/\/api.w.org\/{rel}","templated":true}]}}