{"id":456454,"date":"2025-10-12T02:59:30","date_gmt":"2025-10-12T02:59:30","guid":{"rendered":"https:\/\/www.europesays.com\/fr\/456454\/"},"modified":"2025-10-12T02:59:30","modified_gmt":"2025-10-12T02:59:30","slug":"trois-livres-pour-redecouvrir-le-charme-intemporel-de-miyazaki","status":"publish","type":"post","link":"https:\/\/www.europesays.com\/fr\/456454\/","title":{"rendered":"trois livres pour red\u00e9couvrir le charme intemporel de Miyazaki"},"content":{"rendered":"<p><strong>Depuis plus de trente ans,\u00a0Kiki la petite sorci\u00e8re\u00a0fait partie des films les plus appr\u00e9ci\u00e9s dans le c\u0153ur des spectateurs et spectatrices du studio Ghibli. Derri\u00e8re l\u2019histoire simple d\u2019une apprentie sorci\u00e8re qui quitte le foyer familial pour voler de ses propres ailes, Hayao Miyazaki a offert une ode tendre et lumineuse au passage \u00e0 l\u2019\u00e2ge adulte. Pour cette rentr\u00e9e, l\u2019\u00e9diteur Gl\u00e9nat c\u00e9l\u00e8bre le chef-d\u2019\u0153uvre en proposant non pas un, mais trois ouvrages compl\u00e9mentaires qui invitent \u00e0 red\u00e9couvrir Kiki et son univers sous toutes ses facettes : l\u2019album du film, l\u2019Anime Comics et un artbook in\u00e9dit. Trois livres, trois exp\u00e9riences de lecture, une m\u00eame magie.<\/strong><\/p>\n<p><img fetchpriority=\"high\" decoding=\"async\" width=\"1024\" height=\"786\" src=\"https:\/\/www.europesays.com\/fr\/wp-content\/uploads\/2025\/10\/Capture-decran-2025-09-12-a-09.43.17-1024x786.png\" alt=\"\" class=\"wp-image-157526\" style=\"aspect-ratio:1.303590492779682;width:707px;height:auto\"  data-\/><\/p>\n<p>Sorti en 1989, le film raconte l\u2019histoire de Kiki qui, comme toutes les sorci\u00e8res arriv\u00e9es \u00e0 l\u2019\u00e2ge de 13 ans, doit quitter ses parents pour s\u2019installer pendant un an dans une autre ville, o\u00f9 elle devra vivre et exercer un m\u00e9tier li\u00e9 \u00e0 sa condition de sorci\u00e8re. Dans la ville portuaire de Koriko, accompagn\u00e9e de son chat noir Jiji, Kiki se lance dans un service de livraison, transportant des colis en volant sur son balai gr\u00e2ce \u00e0 ses pouvoirs.<\/p>\n<p>Le film offre un d\u00e9cor r\u00eav\u00e9 d\u2019Occident, qui pourrait se situer en Italie ou dans le sud de la France. Splendide et intemporel, il s\u00e9duit par sa lenteur assum\u00e9e, qui accentue l\u2019\u00e9motion et qui nous permet de plonger dans les difficult\u00e9s, les combats, mais aussi les amiti\u00e9s, et peut-\u00eatre m\u00eame les amours, de Kiki. Tout y respire la tendresse dans ce film tout simple. Et pourtant Miyazaki parvient \u00e0 transformer cette simplicit\u00e9 en magie.<\/p>\n<p>Aujourd\u2019hui, on replonge avec bonheur dans cette \u0153uvre gr\u00e2ce aux trois livres qui prolongent la magie de l\u2019univers de Kiki et nous permettent de revivre son charme, pour notre plus grand plaisir.<\/p>\n<p>L\u2019album du film : une caresse visuelle pour petits et grands<br \/>\n<img loading=\"lazy\" decoding=\"async\" width=\"841\" height=\"1024\" src=\"https:\/\/www.europesays.com\/fr\/wp-content\/uploads\/2025\/10\/Capture-decran-2025-09-11-a-21.21.09-841x1024.png\" alt=\"L\u2019album du film : une caresse visuelle pour petits et grands\" class=\"wp-image-157512\" style=\"aspect-ratio:0.8217083729278851;width:329px;height:auto\"  data-\/><\/p>\n<p>Voil\u00e0, Kiki a treize ans, elle quitte sa famille et s\u2019\u00e9lance sur son balai vers l\u2019inconnu, son chat Jiji accroch\u00e9 derri\u00e8re elle. Pas de baguette ni de pouvoirs extraordinaires, mais une volont\u00e9 in\u00e9branlable de trouver sa place dans une grande ville portuaire.<\/p>\n<p>Pour les enfants, cet album illustr\u00e9 est une porte d\u2019entr\u00e9e id\u00e9ale dans l\u2019univers de Miyazaki. Le r\u00e9cit, limpide et plein de douceur, \u00e9volue \u00e0 travers des images somptueuses tir\u00e9es du film. Les jeunes lectrices et lecteurs d\u00e9couvrent une h\u00e9ro\u00efne d\u00e9brouillarde et pers\u00e9v\u00e9rante, qui apprend \u00e0 surmonter ses doutes. <\/p>\n<p>Mais l\u2019ouvrage ne se limite pas aux plus jeunes : pour les adultes, c\u2019est un parfum de retour vers ce film ou en enfance, une invitation \u00e0 retrouver la po\u00e9sie des petites choses simple. Album jeunesse ou objet de collection, ce livre se savoure autant qu\u2019il se transmet \u00e0 petites et petits qui ne connaissent pas l\u2019\u0153uvre<\/p>\n<p>L\u2019Anime Comics : l\u2019aventure en manga color\u00e9<br \/>\n<img loading=\"lazy\" decoding=\"async\" width=\"758\" height=\"1024\" src=\"https:\/\/www.europesays.com\/fr\/wp-content\/uploads\/2025\/10\/Capture-decran-2025-09-11-a-21.18.33-758x1024.png\" alt=\"L\u2019Anime Comics : l\u2019aventure en manga color\u00e9\" class=\"wp-image-157510\" style=\"aspect-ratio:0.7402383750209837;width:314px;height:auto\"  data-\/><\/p>\n<p>L\u2019Anime Comics de\u00a0Kiki la petite sorci\u00e8re\u00a0transforme le film culte en manga fid\u00e8le aux images et dialogues originaux. On retrouve l\u2019histoire de cette jeune sorci\u00e8re qui s\u2019installe dans une grande ville pour lancer son service de livraison volante, entre colis farfelus, rencontres inattendues et \u00e9merveillements quotidiens. Chaque plan est repris avec attention, offrant une immersion po\u00e9tique et color\u00e9e qui fait vibrer les \u00e9motions du film. Chaque d\u00e9coupage respecte le film, qui est tr\u00e8s bien retranscrit dans ce \u00ab\u00a0manga couleur\u00a0\u00bb.<\/p>\n<p>Accessible d\u00e8s 8 ans, ce format permet aux enfants comme aux fans de revivre l\u2019histoire sous un autre angle. Plus qu\u2019une simple adaptation, l\u2019Anime Comics r\u00e9ussit \u00e0 condenser la magie dans ses pages et rappelle encore l\u00e0 aussi que les gestes les plus simples rec\u00e8lent parfois le plus beau des enchantements.<\/p>\n<p>L\u2019Artbook in\u00e9dit : plonger dans les coulisses d\u2019un chef-d\u2019\u0153uvre<br \/>\n<img loading=\"lazy\" decoding=\"async\" width=\"740\" height=\"1024\" src=\"https:\/\/www.europesays.com\/fr\/wp-content\/uploads\/2025\/10\/Capture-decran-2025-09-11-a-21.19.43-740x1024.png\" alt=\"L\u2019Artbook in\u00e9dit Kiki la petite sorci\u00e8re : plonger dans les coulisses d\u2019un chef-d\u2019\u0153uvre\" class=\"wp-image-157511\" style=\"aspect-ratio:0.7227430669376516;width:300px;height:auto\"  data-\/><\/p>\n<p>Pour les passionn\u00e9s de Ghibli et d\u2019animation japonaise au sens large, l\u2019artbook\u00a0L\u2019Art de Kiki la petite sorci\u00e8re\u00a0est un v\u00e9ritable tr\u00e9sor. Croquis pr\u00e9paratoires, storyboards, palettes de couleurs, notes de production, interviews de l\u2019\u00e9quipe : chaque d\u00e9tail d\u00e9voile l\u2019envers du d\u00e9cor. <\/p>\n<p>On feuillette le livre, on le referme, on l\u2019ouvre \u00e0 une autre page puis on revient \u00e0 celle d\u2019avant. Voir la coulisse d\u2019un tel film le rend encore plus int\u00e9ressant et on se regarde du travail qu\u2019il a demand\u00e9. Et si on a envie de travailler dans ce secteur, il a un cote ludique pour les futur professionnel.<\/p>\n<p>L\u2019historique est tout aussi passionnant : on d\u00e9couvre comment Miyazaki et ses collaborateurs ont donn\u00e9 vie \u00e0 Kiki et fa\u00e7onn\u00e9 un univers \u00e0 la fois magique et r\u00e9aliste. Magique, car il nous plonge dans la vie de la jeune sorci\u00e8re ; r\u00e9aliste, gr\u00e2ce \u00e0 l\u2019architecture c\u00f4ti\u00e8re inspir\u00e9e de l\u2019Europe. Les d\u00e9cors de ce dessin anim\u00e9 s\u2019inspirent notamment de la Su\u00e8de, o\u00f9 Miyazaki aurait envoy\u00e9 son \u00e9quipe pour effectuer des rep\u00e9rages avant la r\u00e9alisation. Les villes de Visby et Stockholm sont d\u2019ailleurs souvent cit\u00e9es. L\u2019attention port\u00e9e aux objets du quotidien nous fascine tout autant que les expressions des personnages, comme celles de Jiji, qui ajoutent une touche d\u2019humour et de po\u00e9sie.<\/p>\n<p>Ce livre, comme le film, agit comme une parenth\u00e8se, une v\u00e9ritable d\u00e9connexion. Les deux se compl\u00e8tent parfaitement : l\u2019un d\u00e9voile les coulisses, l\u2019autre transmet l\u2019\u00e9motion. Plus qu\u2019un simple artbook, il rappelle que la magie de Kiki r\u00e9side dans l\u2019attention port\u00e9e aux d\u00e9tails et dans cette capacit\u00e9 unique de Miyazaki \u00e0 transformer l\u2019ordinaire en extraordinaire. Et c\u2019est pr\u00e9cis\u00e9ment pour cela que l\u2019on aime tant ce livre : on appr\u00e9cie voir comment il a fait.<\/p>\n<p><strong>Que l\u2019on ait 10, 20, 30 ou 40 ans, ces trois livres offrent une exp\u00e9rience suppl\u00e9mentaire pour red\u00e9couvrir\u00a0Kiki la petite sorci\u00e8re. De l\u2019\u00e9merveillement des enfants aux souvenirs des plus grands, de la lecture immersive au regard critique sur la cr\u00e9ation, chacun de ces bouquins ouvre une porte diff\u00e9rente vers l\u2019univers de Miyazaki. On comprends que Kiki n\u2019est pas seulement une h\u00e9ro\u00efne anim\u00e9e : elle est le symbole d\u2019un voyage int\u00e9rieur, celui de grandir, de douter et de continuer \u00e0 r\u00eaver. Trois ouvrages, une m\u00eame magie : celle propre au Studio Ghibli.<\/strong><\/p>\n","protected":false},"excerpt":{"rendered":"Depuis plus de trente ans,\u00a0Kiki la petite sorci\u00e8re\u00a0fait partie des films les plus appr\u00e9ci\u00e9s dans le c\u0153ur des&hellip;\n","protected":false},"author":2,"featured_media":456455,"comment_status":"","ping_status":"","sticky":false,"template":"","format":"standard","meta":{"footnotes":""},"categories":[1357],"tags":[1379,58,59,1011,27,58163,1380,58164,34712],"class_list":{"0":"post-456454","1":"post","2":"type-post","3":"status-publish","4":"format-standard","5":"has-post-thumbnail","7":"category-livres","8":"tag-books","9":"tag-divertissement","10":"tag-entertainment","11":"tag-fr","12":"tag-france","13":"tag-kiki-la-petite-sorciere","14":"tag-livres","15":"tag-miyazaki","16":"tag-studio-ghibli"},"share_on_mastodon":{"url":"https:\/\/pubeurope.com\/@fr\/115358962435490635","error":""},"_links":{"self":[{"href":"https:\/\/www.europesays.com\/fr\/wp-json\/wp\/v2\/posts\/456454","targetHints":{"allow":["GET"]}}],"collection":[{"href":"https:\/\/www.europesays.com\/fr\/wp-json\/wp\/v2\/posts"}],"about":[{"href":"https:\/\/www.europesays.com\/fr\/wp-json\/wp\/v2\/types\/post"}],"author":[{"embeddable":true,"href":"https:\/\/www.europesays.com\/fr\/wp-json\/wp\/v2\/users\/2"}],"replies":[{"embeddable":true,"href":"https:\/\/www.europesays.com\/fr\/wp-json\/wp\/v2\/comments?post=456454"}],"version-history":[{"count":0,"href":"https:\/\/www.europesays.com\/fr\/wp-json\/wp\/v2\/posts\/456454\/revisions"}],"wp:featuredmedia":[{"embeddable":true,"href":"https:\/\/www.europesays.com\/fr\/wp-json\/wp\/v2\/media\/456455"}],"wp:attachment":[{"href":"https:\/\/www.europesays.com\/fr\/wp-json\/wp\/v2\/media?parent=456454"}],"wp:term":[{"taxonomy":"category","embeddable":true,"href":"https:\/\/www.europesays.com\/fr\/wp-json\/wp\/v2\/categories?post=456454"},{"taxonomy":"post_tag","embeddable":true,"href":"https:\/\/www.europesays.com\/fr\/wp-json\/wp\/v2\/tags?post=456454"}],"curies":[{"name":"wp","href":"https:\/\/api.w.org\/{rel}","templated":true}]}}