{"id":456462,"date":"2025-10-12T03:04:19","date_gmt":"2025-10-12T03:04:19","guid":{"rendered":"https:\/\/www.europesays.com\/fr\/456462\/"},"modified":"2025-10-12T03:04:19","modified_gmt":"2025-10-12T03:04:19","slug":"girondins-qualification-poussive-mais-precieuse-face-a-tulle-foot-correze-en-coupe-de-france","status":"publish","type":"post","link":"https:\/\/www.europesays.com\/fr\/456462\/","title":{"rendered":"Girondins : qualification poussive, mais pr\u00e9cieuse face \u00e0 Tulle Foot Corr\u00e8ze en Coupe de France"},"content":{"rendered":"<p><img decoding=\"async\" src=\"https:\/\/www.europesays.com\/fr\/wp-content\/uploads\/2025\/10\/671_2bb20847256c6ec3172038f92c9544ad.jpg\" alt=\"Girondins : qualification poussive, mais pr\u00e9cieuse face \u00e0 Tulle Foot Corr\u00e8ze en Coupe de France\" class=\"img-responsive mt-3\"\/><\/p>\n<p class=\"text-center mb-3\" style=\"font-size: 14px\">\u00a9 Iconsport<\/p>\n<p>      <strong>Guillaume Odru lib\u00e8re les Girondins dans un match sans \u00e9clat<\/strong><\/p>\n<p style=\"text-align: justify;\">Sans briller et apr\u00e8s une prestation bien terne, les Girondins de Bordeaux ont valid\u00e9 leur billet pour le 6e tour de la Coupe de France en s\u2019imposant 1-0 face au Tulle Foot Corr\u00e8ze (R2).<\/p>\n<p style=\"text-align: justify;\">Fran\u00e7ois Hollande, ancien Pr\u00e9sident de la R\u00e9publique Fran\u00e7aise a donn\u00e9 le coup d&rsquo;envoi du match :<\/p>\n<p style=\"text-align: justify;\">\u00a0<\/p>\n<p><strong>Une premi\u00e8re mi-temps soporifique<\/strong><\/p>\n<p style=\"text-align: justify;\">Lors des premi\u00e8res 45 minutes, l\u2019\u00e9quipe tulliste est bien en place dans sa moiti\u00e9 de terrain et attend des bordelais qui manquent de tranchant devant le but. Le rythme du match est faible.<\/p>\n<p style=\"text-align: justify;\">Sur son premier ballon, L\u00e9o Jousselin, rate sa relance. Sur sa premi\u00e8re intervention d\u00e9fensive, El Hajjam commet une faute. Les Girondins sont g\u00ean\u00e9s par la mise en place d\u00e9fensive des joueurs de Tulle Foot Corr\u00e8ze. La premi\u00e8re frappe du match est pour les locaux \u00e0 la 8e minute, le ballon passe au-dessus du but de Lassana Diabat\u00e9. Openda r\u00e9pond d\u2019une frappe soudaine crois\u00e9e qui passe au ras du poteau adverse. Puis, Villette, seul face au gardien, ne frappe pas \u00e0 la 12e minute alors qu\u2019il \u00e9tait en position pr\u00e9f\u00e9rentielle pour le faire. Nouvelle tentative de vol\u00e9e d\u2019Openda \u00e0 la 26e minute qui passe au-dessus du but des tullistes. Il ne se passe plus rien d\u2019int\u00e9ressant jusqu&rsquo;\u00e0 la pause.<\/p>\n<p><strong>Bordeaux acc\u00e9l\u00e8re (un peu) et Odru sauve Bordeaux<\/strong><\/p>\n<p style=\"text-align: justify;\">Le jeu reprend toujours sur un faux rythme, ce qui fait les affaires des joueurs de Philippe Machado, l&rsquo;entra\u00eeneur du TFC. Bordeaux se contente de balancer de longs ballons. Dado Prso l\u2019adjoint de Bruno Irl\u00e8s s&rsquo;agace sur le banc de touche, se l\u00e8ve et r\u00e2le. L\u2019arbitre lui met un carton jaune. Il faut attendre la 56e minute pour que Shamal frappe des 20 m\u00e8tres et cadre son tir. Le gardien sort la parade. Une minute plus tard, Bahassa, seul aux 6 m\u00e8tres, rate le ballon sur un caviar d\u2019Openda \u2026 \u00c0 la 70e minute, Etonde remplace Openda. Cela manque d\u2019application et de d\u00e9termination dans le jeu bordelais. Les Girondins font le si\u00e8ge du but de Tulle sans arriver \u00e0 cadrer et \u00e0 marquer (75e).<\/p>\n<p style=\"text-align: justify;\">\u00c0 la 77e minute, Guillaume Odru d\u00e9livre enfin le camp des Girondins sur un coup franc de 25 m\u00e8tres excentr\u00e9 \u00e0 gauche qui est propuls\u00e9 au ras du poteau tulliste (0-1). Matthieu Villette c\u00e8de sa place \u00e0 Lucas Rocrou (82e). Besse et Moreau Ngyuen remplacent Bahassa et Shamal \u00e0 la 90+1. Le score n&rsquo;\u00e9voluera plus.<\/p>\n<p style=\"text-align: justify;\">Malgr\u00e9 cette qualification, Bruno Irl\u00e8s n\u2019aura pas \u00e9t\u00e9 rassur\u00e9 par le contenu du match face \u00e0 une \u00e9quipe \u00e9voluant 3 divisions en dessous. Son \u00e9quipe, brouillonne et timor\u00e9e, devra montrer un tout autre visage samedi prochain contre La Roche VF, leader de National 2, pour esp\u00e9rer poursuivre sa remont\u00e9e au classement.<\/p>\n<p>Suivre le <strong><a href=\"https:\/\/www.youtube.com\/watch?v=qG6eDZkgNjo\" target=\"_blank\" rel=\"noopener\">D\u00e9brief \u00e0 Chaud du match Tulle-Bordeaux sur la cha\u00eene YouTube de WebGirondins<\/a><\/strong>.<\/p>\n","protected":false},"excerpt":{"rendered":"\u00a9 Iconsport Guillaume Odru lib\u00e8re les Girondins dans un match sans \u00e9clat Sans briller et apr\u00e8s une prestation&hellip;\n","protected":false},"author":2,"featured_media":456463,"comment_status":"","ping_status":"","sticky":false,"template":"","format":"standard","meta":{"footnotes":""},"categories":[9],"tags":[150,1997,8531,615,58166,2823,2257,1011,27,1987,4564,12250,471,58165,3393,7720,12301,60,3584,33227,1264],"class_list":{"0":"post-456462","1":"post","2":"type-post","3":"status-publish","4":"format-standard","5":"has-post-thumbnail","7":"category-sports","8":"tag-apres","9":"tag-bordeaux","10":"tag-correze","11":"tag-coupe","12":"tag-difficilement","13":"tag-face","14":"tag-foot","15":"tag-fr","16":"tag-france","17":"tag-girondins","18":"tag-mais","19":"tag-pelouse","20":"tag-pour","21":"tag-poussive","22":"tag-precieuse","23":"tag-qualification","24":"tag-qualifient","25":"tag-sports","26":"tag-tour","27":"tag-tulle","28":"tag-victoire"},"share_on_mastodon":{"url":"https:\/\/pubeurope.com\/@fr\/115358981425406192","error":""},"_links":{"self":[{"href":"https:\/\/www.europesays.com\/fr\/wp-json\/wp\/v2\/posts\/456462","targetHints":{"allow":["GET"]}}],"collection":[{"href":"https:\/\/www.europesays.com\/fr\/wp-json\/wp\/v2\/posts"}],"about":[{"href":"https:\/\/www.europesays.com\/fr\/wp-json\/wp\/v2\/types\/post"}],"author":[{"embeddable":true,"href":"https:\/\/www.europesays.com\/fr\/wp-json\/wp\/v2\/users\/2"}],"replies":[{"embeddable":true,"href":"https:\/\/www.europesays.com\/fr\/wp-json\/wp\/v2\/comments?post=456462"}],"version-history":[{"count":0,"href":"https:\/\/www.europesays.com\/fr\/wp-json\/wp\/v2\/posts\/456462\/revisions"}],"wp:featuredmedia":[{"embeddable":true,"href":"https:\/\/www.europesays.com\/fr\/wp-json\/wp\/v2\/media\/456463"}],"wp:attachment":[{"href":"https:\/\/www.europesays.com\/fr\/wp-json\/wp\/v2\/media?parent=456462"}],"wp:term":[{"taxonomy":"category","embeddable":true,"href":"https:\/\/www.europesays.com\/fr\/wp-json\/wp\/v2\/categories?post=456462"},{"taxonomy":"post_tag","embeddable":true,"href":"https:\/\/www.europesays.com\/fr\/wp-json\/wp\/v2\/tags?post=456462"}],"curies":[{"name":"wp","href":"https:\/\/api.w.org\/{rel}","templated":true}]}}