{"id":456476,"date":"2025-10-12T03:11:32","date_gmt":"2025-10-12T03:11:32","guid":{"rendered":"https:\/\/www.europesays.com\/fr\/456476\/"},"modified":"2025-10-12T03:11:32","modified_gmt":"2025-10-12T03:11:32","slug":"un-forum-de-lemploi-est-organise-a-la-galerie-de-monthieu","status":"publish","type":"post","link":"https:\/\/www.europesays.com\/fr\/456476\/","title":{"rendered":"un Forum de l&#8217;emploi est organis\u00e9 \u00e0 la galerie de Monthieu"},"content":{"rendered":"\n<p>Apr\u00e8s Montbrison ce jeudi, c\u2019est \u00e0 Saint-Etienne que vous allez peut-\u00eatre trouver un emploi ce vendredi 10 octobre avec le Forum de recrutement de la galerie commerciale de Monthieu. Ouvert \u00e0 tous et sans inscription, vous allez pouvoir \u00e9changer avec de nombreux recruteurs de divers secteurs. Vente, commerce, coiffure, restauration, int\u00e9rim ou encore administration, tout un tas d\u2019employeurs seront pr\u00e9sents pour vous \u00e9coutez et r\u00e9cup\u00e9rer votre CV.<\/p>\n<p>Parmi les enseignes sur place, il y aura notamment Burger King, Domino&rsquo;s Pizza, Ik\u00e9a, la Fnac, Auchan mais aussi la gendarmerie, la police nationale ou encore la mairie de Saint-Etienne.<br \/>Le rendez-vous est donn\u00e9 de 14h \u00e0 17h dans la galerie du centre commercial de Monthieu.\u00a0<\/p>\n<p>Les offres d&#8217;emploi sont d\u00e9j\u00e0 disponibles sur\u00a0<a class=\"x1i10hfl xjbqb8w x1ejq31n x18oe1m7 x1sy0etr xstzfhl x972fbf x10w94by x1qhh985 x14e42zd x9f619 x1ypdohk xt0psk2 x3ct3a4 xdj266r x14z9mp xat24cr x1lziwak xexx8yu xyri2b x18d9i69 x1c1uobl x16tdsg8 x1hl2dhg xggy1nq x1a2a7pz xkrqix3 x1sur9pj x1fey0fg x1s688f\" href=\"http:\/\/francetravail.fr\/?fbclid=IwZXh0bgNhZW0CMTAAYnJpZBExSUdXa3F3cmZHaXFnZ0FtMQEeID81o71LuDpNvXrpgDiIf5pRbsXl4M4K9xBClZc9WRnsBI-STEyNza0gEDc_aem_FDcESDEO1phRFTLzjQ7JtQ\" rel=\"nofollow noopener noreferrer\" tabindex=\"0\" target=\"_blank\">francetravail.fr<\/a> avec le code \u00ab\u00a0MONTHIEU24\u00a0\u00bb<\/p>\n","protected":false},"excerpt":{"rendered":"Apr\u00e8s Montbrison ce jeudi, c\u2019est \u00e0 Saint-Etienne que vous allez peut-\u00eatre trouver un emploi ce vendredi 10 octobre&hellip;\n","protected":false},"author":2,"featured_media":456477,"comment_status":"","ping_status":"","sticky":false,"template":"","format":"standard","meta":{"footnotes":""},"categories":[9653],"tags":[1111,11,2430,341,1777,674,1011,27,3367,12,7099,25,55668,4001,3847],"class_list":{"0":"post-456476","1":"post","2":"type-post","3":"status-publish","4":"format-standard","5":"has-post-thumbnail","7":"category-saint-etienne","8":"tag-actu","9":"tag-actualites","10":"tag-auvergne-rhone-alpes","11":"tag-emploi","12":"tag-eu","13":"tag-europe","14":"tag-fr","15":"tag-france","16":"tag-loire","17":"tag-news","18":"tag-recrutement","19":"tag-republique-francaise","20":"tag-saint_etienne","21":"tag-saint-etienne","22":"tag-travail"},"share_on_mastodon":{"url":"https:\/\/pubeurope.com\/@fr\/115359008992948732","error":""},"_links":{"self":[{"href":"https:\/\/www.europesays.com\/fr\/wp-json\/wp\/v2\/posts\/456476","targetHints":{"allow":["GET"]}}],"collection":[{"href":"https:\/\/www.europesays.com\/fr\/wp-json\/wp\/v2\/posts"}],"about":[{"href":"https:\/\/www.europesays.com\/fr\/wp-json\/wp\/v2\/types\/post"}],"author":[{"embeddable":true,"href":"https:\/\/www.europesays.com\/fr\/wp-json\/wp\/v2\/users\/2"}],"replies":[{"embeddable":true,"href":"https:\/\/www.europesays.com\/fr\/wp-json\/wp\/v2\/comments?post=456476"}],"version-history":[{"count":0,"href":"https:\/\/www.europesays.com\/fr\/wp-json\/wp\/v2\/posts\/456476\/revisions"}],"wp:featuredmedia":[{"embeddable":true,"href":"https:\/\/www.europesays.com\/fr\/wp-json\/wp\/v2\/media\/456477"}],"wp:attachment":[{"href":"https:\/\/www.europesays.com\/fr\/wp-json\/wp\/v2\/media?parent=456476"}],"wp:term":[{"taxonomy":"category","embeddable":true,"href":"https:\/\/www.europesays.com\/fr\/wp-json\/wp\/v2\/categories?post=456476"},{"taxonomy":"post_tag","embeddable":true,"href":"https:\/\/www.europesays.com\/fr\/wp-json\/wp\/v2\/tags?post=456476"}],"curies":[{"name":"wp","href":"https:\/\/api.w.org\/{rel}","templated":true}]}}