{"id":456478,"date":"2025-10-12T03:12:25","date_gmt":"2025-10-12T03:12:25","guid":{"rendered":"https:\/\/www.europesays.com\/fr\/456478\/"},"modified":"2025-10-12T03:12:25","modified_gmt":"2025-10-12T03:12:25","slug":"la-carte-postale-du-12-octobre-saint-etienne-lescalier-des-deux-arts-450-fm","status":"publish","type":"post","link":"https:\/\/www.europesays.com\/fr\/456478\/","title":{"rendered":"La carte postale du 12 octobre : Saint-\u00c9tienne, l\u2019escalier des deux arts &#8211; 450.fm"},"content":{"rendered":"<p><strong>Fr\u00e8res, S\u0153urs, Compagnons de la voie initiatique,<\/strong><\/p>\n<p><strong>Nous gravissons les marches de l\u2019H\u00f4tel de Ville comme nous montons vers l\u2019Orient. De part et d\u2019autre, deux gardiennes veillent, dress\u00e9es depuis 1872 par la main d\u2019\u00c9tienne Montagny (1816-1895). La M\u00e9tallurgie et La Rubanerie ne sont pas juste des ornements civiques\u00a0: elles forment un porche initiatique, un seuil o\u00f9 la cit\u00e9 industrielle se dit \u00e0 la mani\u00e8re d\u2019un Temple.<br \/><\/strong>Elles parlent un langage que nous reconnaissons, celui des ateliers o\u00f9 l\u2019on dompte la mati\u00e8re et des m\u00e9tiers o\u00f9 l\u2019on tisse les liens invisibles. Ici, l\u2019acier et le ruban, le feu et la trame, la force et la patience se r\u00e9pondent comme deux colonnes g\u00e9mellaires.<\/p>\n<p><img fetchpriority=\"high\" decoding=\"async\" width=\"794\" height=\"462\" src=\"https:\/\/www.europesays.com\/fr\/wp-content\/uploads\/2025\/10\/Lhotel_de_ville_de_Saint-Etienne.jpg\" alt=\"\" class=\"wp-image-105138\" style=\"width:368px;height:auto\"  \/>L\u2019h\u00f4tel_de_ville<\/p>\n<p><strong>\u00c9tienne Montagny (1816-1895)\u00a0: un sculpteur st\u00e9phanois au service d\u2019une<\/strong> <strong>\u00ab\u00a0ville-atelier\u00a0\u00bb<\/strong><\/p>\n<p>Sculpteur st\u00e9phanois, n\u00e9 au c\u0153ur d\u2019une cit\u00e9 qui devient au XIX\u1d49 si\u00e8cle l\u2019un des laboratoires de la modernit\u00e9 industrielle, \u00c9tienne Montagny inscrit son \u0153uvre dans la mati\u00e8re m\u00eame de la ville\u00a0: la fonte, l\u2019acier, la m\u00e9canique des gestes et la <strong>m\u00e9moire des m\u00e9tiers<\/strong>. Il n\u2019est pas seulement un praticien du style acad\u00e9mique\u00a0; il est un ordonnateur de symboles, un metteur en forme de l\u2019identit\u00e9 civique. <strong>En 1872, au lendemain des grandes secousses politiques et sociales, il re\u00e7oit la commande de deux all\u00e9gories destin\u00e9es \u00e0 encadrer la mont\u00e9e du grand escalier de l\u2019H\u00f4tel de Ville<\/strong>. Le choix de la fonte \u2013 le m\u00e9tal industriel par excellence \u2013 ancre les statues dans l\u2019\u00e9conomie morale et mat\u00e9rielle de Saint-\u00c9tienne.<br \/>\u00c9tienne Montagny, que l\u2019on retrouve aussi auteur de deux cariatides disparues intitul\u00e9es <strong>Le Jour et La Nuit<\/strong>, aime composer par diptyques\u00a0: il pense la cit\u00e9 comme une balance d\u2019oppos\u00e9s \u00e0 r\u00e9concilier. Cette logique traverse son \u0153uvre publique\u00a0: portraits d\u2019acteurs de l\u2019essor technique, <strong>figures all\u00e9goriques<\/strong>, programmes d\u00e9coratifs qui parlent \u00e0 tous, parce qu\u2019ils mettent la vertu au centre et le labeur en haut de l\u2019escalier. Nous honorons aujourd\u2019hui ce statuaire non pour la seule \u00e9l\u00e9gance de sa main, mais pour sa capacit\u00e9 \u00e0 donner aux m\u00e9tiers un visage, et \u00e0 la cit\u00e9 un r\u00e9cit.<\/p>\n<p><img loading=\"lazy\" decoding=\"async\" width=\"287\" height=\"510\" src=\"https:\/\/www.europesays.com\/fr\/wp-content\/uploads\/2025\/10\/Saint_Etienne-Les_industries_mecaniques-2012_02_14.jpg\" alt=\"\" class=\"wp-image-105135\" style=\"width:176px;height:auto\"  \/>Saint_\u00c9tienne-Les_industries_m\u00e9caniquesLa M\u00e9tallurgue<\/p>\n<p><strong>La M\u00e9tallurgie\u00a0: le feu r\u00e9gl\u00e9 et la transmutation de soi<\/strong><\/p>\n<p>Le forgeron, presque nu \u2013 nudit\u00e9 improbable \u00e0 la forge mais \u00e9loquente au plan symbolique \u2013 incarne le courage de s\u2019exposer au feu purificateur. Nous reconnaissons sous ses traits l\u2019arch\u00e9type du forgeron primordial, Vulcain pour les anciens, <strong>Tubalca\u00efn pour la m\u00e9moire biblique\u00a0: celui qui re\u00e7oit le feu, l\u2019enferme dans un foyer, le r\u00e8gle par le souffle, et, par l\u2019art des coups mesur\u00e9s, transmute la masse inerte en forme juste.<br \/>Que fait l\u2019initi\u00e9, sinon la m\u00eame \u0153uvre au dedans\u00a0?<br \/><\/strong>Il allume en lui le brasier des vertus actives, ma\u00eetrise ses scories, temp\u00e8re ses ardeurs, \u00e9prouve ses angles, jusqu\u2019\u00e0 ce que sa pierre porte sans \u00e9craser et relie sans rompre. La forge est un laboratoire d\u2019alchimie. <strong>Le Soufre y anime, le Mercure y relie, le Sel y fixe<\/strong> ; la mati\u00e8re r\u00e9siste, puis consent. Le maillet frappe, mais c\u2019est l\u2019\u00c9querre qui d\u00e9cide, et le Compas qui \u00e9l\u00e8ve. Nous entendons, dans le silence martel\u00e9 du marteau, l\u2019antique le\u00e7on\u00a0: la violence du feu ne sauve rien, seule la mesure ouvre \u00e0 la beaut\u00e9.<\/p>\n<p><img loading=\"lazy\" decoding=\"async\" width=\"178\" height=\"282\" src=\"https:\/\/www.europesays.com\/fr\/wp-content\/uploads\/2025\/10\/images-1.jpeg\" alt=\"\" class=\"wp-image-105143\"  \/><\/p>\n<p>\u00c9tienne Montagny compose ici une v\u00e9ritable <strong>grammaire op\u00e9rative<\/strong> : l\u2019enclume comme fid\u00e9lit\u00e9 \u00e0 l\u2019axe, l\u2019outil comme volont\u00e9 r\u00e9gl\u00e9e, l\u2019attitude comme assomption de la peine. La M\u00e9tallurgie n\u2019est pas l\u2019apologie de la force brute\u00a0; elle est l\u2019\u00e9loge de la force qui consent \u00e0 la loi. Elle nous rappelle que la pierre brute devient pierre cubique \u00e0 la condition d\u2019\u00eatre \u00e9prouv\u00e9e, tremp\u00e9e, polie \u2013 et que la Force ne vaut que conductrice de Justice.<\/p>\n<p><img loading=\"lazy\" decoding=\"async\" width=\"288\" height=\"510\" src=\"https:\/\/www.europesays.com\/fr\/wp-content\/uploads\/2025\/10\/Saint_Etienne-La_rubanerie_et_la_passementerie-2012_02_14.jpg\" alt=\"\" class=\"wp-image-105137\" style=\"width:183px;height:auto\"  \/>Saint_\u00c9tienne-La_rubanerie_et_la_passementerie<\/p>\n<p><strong>La Rubanerie\u00a0: la trame invisible et l\u2019\u00e9gr\u00e9gore qui relie<\/strong><\/p>\n<p>Face \u00e0 lui, la passementi\u00e8re demeure v\u00eatue. C\u2019est une femme tenant dans sa main droite la navette des tisseurs et \u00e0 ses pieds le m\u00e9canisme Jacquard.<br \/><strong>Elle ne brandit pas la force mais ordonne le temps<\/strong>. \u00c0 la navette qui va et vient, nous voyons se nouer la figure m\u00eame de l\u2019\u00e9gr\u00e9gore\u00a0: fils parall\u00e8les, tension juste, alternance r\u00e9guli\u00e8re, patience t\u00eatue. Le ruban n\u2019est pas un luxe superflu, il est la signature de la trame. Il ceint, distingue, rassemble\u00a0; il \u00e9pouse la courbe des choses et les rend lisibles.<br \/><strong>Nous y lisons une p\u00e9dagogie fraternelle\u00a0: rien n\u2019existe seul, tout s\u2019attache, s\u2019ourdit, se trame.<\/strong> Le m\u00e9tier \u00e0 tisser, avec sa cha\u00eene et sa trame, nous enseigne la loi du Temple\u00a0: la verticalit\u00e9 des principes ne tient que si l\u2019horizontalit\u00e9 des liens demeure solide. Le Ma\u00eetre d\u2019\u0153uvre n\u2019impose pas mais compose. Sa victoire n\u2019est pas d\u2019avoir domin\u00e9, mais d\u2019avoir accord\u00e9.<br \/>Dans la Rubanerie, \u00c9tienne Montagny ne c\u00e9l\u00e8bre pas l\u2019ornement pour l\u2019ornement\u00a0: il montre la syntaxe du monde. <strong>Chaque fil est une conscience\u00a0; chaque passage de navette, une rencontre\u00a0; chaque motif, une fraternit\u00e9 devenue visible<\/strong>. L\u2019all\u00e9gorie fait \u0153uvre de m\u00e9thode\u00a0: unir sans confondre, distinguer sans s\u00e9parer, orner sans \u00e9touffer. Cette Beaut\u00e9 de relation est, pour nous, un devoir d\u2019atelier.<\/p>\n<p><img loading=\"lazy\" decoding=\"async\" width=\"443\" height=\"752\" src=\"https:\/\/www.europesays.com\/fr\/wp-content\/uploads\/2025\/10\/Saint-Etienne.jpg\" alt=\"\" class=\"wp-image-105141\" style=\"width:272px;height:auto\"  \/><\/p>\n<p><strong>L\u2019acad\u00e9misme retourn\u00e9 en \u00e9thique<\/strong><\/p>\n<p>Qu\u2019\u00c9tienne Montagny ait choisi la langue acad\u00e9mique n\u2019\u00f4te rien \u00e0 la vigueur de la le\u00e7on. Oui, les corps id\u00e9alis\u00e9s occultent les d\u00e9formations et la mis\u00e8re du labeur. Mais c\u2019est pr\u00e9cis\u00e9ment l\u00e0 que l\u2019<strong>interpr\u00e9tation initiatique renverse la strat\u00e9gie sociale de l\u2019\u00e9poque<\/strong> : sous le vernis triomphant de la R\u00e9volution industrielle, <strong>nous r\u00e9tablissons la dignit\u00e9 des ouvriers, femmes et hommes, comme v\u00e9ritables artisans de la cit\u00e9.<\/strong> Nous savons que l\u2019id\u00e9alisation peut tromper\u00a0; faisons-en une injonction \u00e0 la justice.<strong><br \/>L\u2019art, lorsqu\u2019il pare la souffrance, doit \u00e0 la Fraternit\u00e9 le devoir de m\u00e9moire. <\/strong>Quiconque monte cet escalier est invit\u00e9 \u00e0 se souvenir que l\u2019ornement public a un co\u00fbt humain, et que le Temple, pour \u00eatre beau, doit d\u2019abord \u00eatre juste.<\/p>\n<p><strong>Polarit\u00e9s r\u00e9concili\u00e9es\u00a0: le seuil, la balance, la voie<\/strong><\/p>\n<p>Il n\u2019est pas indiff\u00e9rent que l\u2019auteur ait sculpt\u00e9 ailleurs Le Jour et La Nuit, cariatides disparues mais parlantes. <strong>Jour\/Nuit, M\u00e9tal\/Tissu, Force\/Patience<\/strong> : trois diptyques pour une m\u00eame sagesse, celle des polarit\u00e9s r\u00e9concili\u00e9es. Le Temple n\u2019est pas un camp\u00a0; il est une balance. Nous n\u2019opposons pas la main qui frappe \u00e0 la main qui tresse\u00a0: nous les faisons travailler ensemble. <strong>La puissance sans douceur brutalise\u00a0; la douceur sans puissance abdique<\/strong>. Dans la forge, la trempe exige l\u2019eau\u00a0; sur le m\u00e9tier, la trame exige la tension. La voie royale tient dans ce double consentement\u00a0: br\u00fbler assez pour purifier\u00a0; tenir assez pour relier.<\/p>\n<p><img loading=\"lazy\" decoding=\"async\" width=\"794\" height=\"360\" src=\"https:\/\/www.europesays.com\/fr\/wp-content\/uploads\/2025\/10\/Lhotel-de-ville-de-Saint-Etienne-Loire.jpg\" alt=\"\" class=\"wp-image-105140\" style=\"width:333px;height:auto\"  \/><\/p>\n<p><strong>Les outils comme vertus<\/strong><\/p>\n<p>Regardons encore les outils. <strong>Au forgeron<\/strong>, l\u2019enclume, l\u2019\u00e9tau, le marteau\u00a0; <strong>\u00e0 la rubandi\u00e8re<\/strong>, le peigne, la canette, la navette. <strong>Dans nos loges, ces outils deviennent des vertus<\/strong> : fermet\u00e9, rectitude, constance\u00a0; d\u00e9licatesse, pr\u00e9cision, patience. Nous ne sommes pas convoqu\u00e9s \u00e0 l\u2019\u00e9bahissement patrimonial mais \u00e0 l\u2019examen de conscience. <strong>Que faisons-nous de notre force\u00a0? Que faisons-nous de nos liens\u00a0? <\/strong>Savons-nous temp\u00e9rer la premi\u00e8re et nourrir les seconds\u00a0? Chaque tenue nous remet \u00e0 cet escalier\u00a0: descendre au c\u0153ur de la mati\u00e8re, monter vers la lumi\u00e8re, tenir la pente entre les deux.<\/p>\n<p><strong>Le viatique des deux arts<\/strong><\/p>\n<p>Alors, la ville-atelier devient Temple vivant. <strong>Saint-\u00c9tienne parle \u00e0 toutes les cit\u00e9s\u00a0: nous sommes ce que nous faisons de nos mains et de nos liens<\/strong>. <strong>La M\u00e9tallurgie nous apprend \u00e0 frapper juste, La Rubanerie \u00e0 nouer juste<\/strong>. L\u2019une nous garde des angles qui blessent\u00a0; l\u2019autre des fils qui \u00e9tranglent. Ensemble, elles composent la devise de tout chantier spirituel\u00a0: transformer sans mutiler, unir sans confondre. Au terme de l\u2019ascension, nous ne voyons plus deux statues, mais une seule le\u00e7on\u00a0: la Beaut\u00e9 na\u00eet de la Justice quand la Force et la Tendresse acceptent de s\u2019accorder.<br \/>Il suffit, pour qui sait voir, d\u2019un pas en retrait et d\u2019un salut silencieux. Nous posons la main sur la pierre froide de la rampe comme sur la pierre brute de nos commencements. Nous respirons la poussi\u00e8re des ateliers, la chaleur des forges, le murmure des m\u00e9tiers \u00e0 tisser. <strong>Nous entendons la ville battre comme un c\u0153ur d\u2019atelier. <\/strong>Et nous recevons, en guise de mot de passe, ce simple viatique\u00a0: travaille ta mati\u00e8re, tisse tes liens. Le reste \u2013 la lumi\u00e8re, la paix, la joie \u2013 viendra \u00e0 son heure.<\/p>\n<p><img loading=\"lazy\" decoding=\"async\" width=\"464\" height=\"510\" src=\"https:\/\/www.europesays.com\/fr\/wp-content\/uploads\/2025\/10\/Blason_ville_fr_Saint-Etienne_Loire.jpg\" alt=\"\" class=\"wp-image-105139\" style=\"width:151px;height:auto\"  \/>Blason de la ville<\/p>\n<p>Saint-\u00c9tienne tire son nom de <strong>Sanctus Stephanus<\/strong>, traduction fran\u00e7aise d\u2019<strong>\u00c9tienne<\/strong>, lui-m\u00eame issu du grec St\u00e9phanos qui signifie \u00ab <strong>couronne<\/strong> \u00bb. La ville, famili\u00e8rement dite <strong>\u00ab\u00a0Saint\u00e9\u00a0\u00bb<\/strong>, fut rebaptis\u00e9e <strong>Armeville<\/strong> pendant la R\u00e9volution fran\u00e7aise, en \u00e9cho \u00e0 son puissant foyer m\u00e9tallurgique et armurier. Chef-lieu du <strong>d\u00e9partement de la Loire<\/strong>, elle se situe \u00e0 environ <strong>60 km au sud-ouest de Lyon<\/strong> et <strong>130 km au sud-est de Clermont-Ferrand<\/strong>, au c\u0153ur de l\u2019Auvergne-Rh\u00f4ne-Alpes.<br \/>Pour nous, le nom dit d\u00e9j\u00e0 un symbole\u00a0: la \u00ab\u00a0couronne\u00a0\u00bb nimbant \u00c9tienne annonce la vocation d\u2019une <strong>cit\u00e9-atelier<\/strong> o\u00f9 l\u2019effort se fait <strong>dignit\u00e9<\/strong>, et o\u00f9 le labeur \u2013 du fer aux rubans \u2013 cherche sa <strong>cons\u00e9cration<\/strong> dans l\u2019\u0153uvre commune.<\/p>\n<blockquote class=\"wp-block-quote is-layout-flow wp-block-quote-is-layout-flow\">\n<p>Que cette carte postale vous guide vers l\u2019int\u00e9rieur, o\u00f9 la vraie Loge est le c\u0153ur. Bons baisers de Saint-\u00c9tienne, ville des Fr\u00e8res et S\u0153urs \u00e9ternels\u00a0!<\/p>\n<\/blockquote>\n<p><img loading=\"lazy\" decoding=\"async\" width=\"1024\" height=\"140\" src=\"https:\/\/www.europesays.com\/fr\/wp-content\/uploads\/2025\/10\/Saint-Etienne-20110530-1024x140.jpg\" alt=\"\" class=\"wp-image-104267\"  \/>Saint-\u00c9tienne, panoramique<\/p>\n<p><strong>Illustrations\u00a0<\/strong>: Wikimedia Commons\u00a0; http:\/\/www.nella-buscot.com\/<\/p>\n","protected":false},"excerpt":{"rendered":"Fr\u00e8res, S\u0153urs, Compagnons de la voie initiatique, Nous gravissons les marches de l\u2019H\u00f4tel de Ville comme nous montons&hellip;\n","protected":false},"author":2,"featured_media":456479,"comment_status":"","ping_status":"","sticky":false,"template":"","format":"standard","meta":{"footnotes":""},"categories":[9653],"tags":[1111,11,2430,58173,1777,674,58176,58174,1011,17470,27,23089,58175,3367,12,25,4001,58172],"class_list":{"0":"post-456478","1":"post","2":"type-post","3":"status-publish","4":"format-standard","5":"has-post-thumbnail","7":"category-saint-etienne","8":"tag-actu","9":"tag-actualites","10":"tag-auvergne-rhone-alpes","11":"tag-etienne-montagny","12":"tag-eu","13":"tag-europe","14":"tag-figures-allegoriques","15":"tag-forgeron","16":"tag-fr","17":"tag-franc-maconnerie","18":"tag-france","19":"tag-hotel-de-ville","20":"tag-la-metallurgie-et-la-rubanerie","21":"tag-loire","22":"tag-news","23":"tag-republique-francaise","24":"tag-saint-etienne","25":"tag-yonnel-ghernaouti-yg"},"share_on_mastodon":{"url":"https:\/\/pubeurope.com\/@fr\/115359013704315283","error":""},"_links":{"self":[{"href":"https:\/\/www.europesays.com\/fr\/wp-json\/wp\/v2\/posts\/456478","targetHints":{"allow":["GET"]}}],"collection":[{"href":"https:\/\/www.europesays.com\/fr\/wp-json\/wp\/v2\/posts"}],"about":[{"href":"https:\/\/www.europesays.com\/fr\/wp-json\/wp\/v2\/types\/post"}],"author":[{"embeddable":true,"href":"https:\/\/www.europesays.com\/fr\/wp-json\/wp\/v2\/users\/2"}],"replies":[{"embeddable":true,"href":"https:\/\/www.europesays.com\/fr\/wp-json\/wp\/v2\/comments?post=456478"}],"version-history":[{"count":0,"href":"https:\/\/www.europesays.com\/fr\/wp-json\/wp\/v2\/posts\/456478\/revisions"}],"wp:featuredmedia":[{"embeddable":true,"href":"https:\/\/www.europesays.com\/fr\/wp-json\/wp\/v2\/media\/456479"}],"wp:attachment":[{"href":"https:\/\/www.europesays.com\/fr\/wp-json\/wp\/v2\/media?parent=456478"}],"wp:term":[{"taxonomy":"category","embeddable":true,"href":"https:\/\/www.europesays.com\/fr\/wp-json\/wp\/v2\/categories?post=456478"},{"taxonomy":"post_tag","embeddable":true,"href":"https:\/\/www.europesays.com\/fr\/wp-json\/wp\/v2\/tags?post=456478"}],"curies":[{"name":"wp","href":"https:\/\/api.w.org\/{rel}","templated":true}]}}