{"id":456489,"date":"2025-10-12T03:24:12","date_gmt":"2025-10-12T03:24:12","guid":{"rendered":"https:\/\/www.europesays.com\/fr\/456489\/"},"modified":"2025-10-12T03:24:12","modified_gmt":"2025-10-12T03:24:12","slug":"il-sintroduit-dans-un-cafe-breton-avec-une-arme-un-homme-place-en-garde-a-vue-par-la-3","status":"publish","type":"post","link":"https:\/\/www.europesays.com\/fr\/456489\/","title":{"rendered":"Il s\u2019introduit dans un caf\u00e9 breton avec une arme, un homme plac\u00e9 en garde \u00e0 vue par la"},"content":{"rendered":"<p>Un homme, dont l\u2019\u00e2ge n\u2019a pas \u00e9t\u00e9 indiqu\u00e9, a \u00e9t\u00e9 interpell\u00e9 par la brigade de gendarmerie de <a href=\"https:\/\/pontivy.maville.com\/info\/info-locale\/\" target=\"_blank\" rel=\"noopener\">Pontivy<\/a> (Morbihan) et plac\u00e9 en garde \u00e0 vue \u00a0pour menaces avec arme\u00a0, samedi 11\u00a0octobre 2025.<\/p>\n<p>Dans la matin\u00e9e, \u00a0entre 8\u00a0h\u00a030 et 9\u00a0h\u00a0, souligne la gendarmerie, cet homme a fait irruption, arm\u00e9, dans Le Grand Caf\u00e9, situ\u00e9 place Aristide-Briand, en haut de la Plaine \u00e0 Pontivy. Les autorit\u00e9s n\u2019ont pas pr\u00e9cis\u00e9 quelle \u00e9tait la nature de l\u2019arme en question.<\/p>\n<p>Rattrap\u00e9 par la gendarmerie<\/p>\n<p>Appel\u00e9s, les gendarmes ont constat\u00e9, \u00e0 leur arriv\u00e9e, que l\u2019homme \u00e9tait parti. Ce dernier a \u00e9t\u00e9 rattrap\u00e9 peu de temps apr\u00e8s par les forces de l\u2019ordre.<\/p>\n<p>\u00a0<\/p>\n","protected":false},"excerpt":{"rendered":"Un homme, dont l\u2019\u00e2ge n\u2019a pas \u00e9t\u00e9 indiqu\u00e9, a \u00e9t\u00e9 interpell\u00e9 par la brigade de gendarmerie de Pontivy&hellip;\n","protected":false},"author":2,"featured_media":456057,"comment_status":"","ping_status":"","sticky":false,"template":"","format":"standard","meta":{"footnotes":""},"categories":[2821],"tags":[1111,11,10268,829,6978,4586,1777,674,1011,27,8712,3381,4933,19078,12,5536,584,25,13373],"class_list":{"0":"post-456489","1":"post","2":"type-post","3":"status-publish","4":"format-standard","5":"has-post-thumbnail","7":"category-rennes","8":"tag-actu","9":"tag-actualites","10":"tag-arme","11":"tag-bretagne","12":"tag-breton","13":"tag-cafe","14":"tag-eu","15":"tag-europe","16":"tag-fr","17":"tag-france","18":"tag-garde","19":"tag-gendarmerie","20":"tag-homme","21":"tag-introduit","22":"tag-news","23":"tag-place","24":"tag-rennes","25":"tag-republique-francaise","26":"tag-vue"},"share_on_mastodon":{"url":"https:\/\/pubeurope.com\/@fr\/115359060106255360","error":""},"_links":{"self":[{"href":"https:\/\/www.europesays.com\/fr\/wp-json\/wp\/v2\/posts\/456489","targetHints":{"allow":["GET"]}}],"collection":[{"href":"https:\/\/www.europesays.com\/fr\/wp-json\/wp\/v2\/posts"}],"about":[{"href":"https:\/\/www.europesays.com\/fr\/wp-json\/wp\/v2\/types\/post"}],"author":[{"embeddable":true,"href":"https:\/\/www.europesays.com\/fr\/wp-json\/wp\/v2\/users\/2"}],"replies":[{"embeddable":true,"href":"https:\/\/www.europesays.com\/fr\/wp-json\/wp\/v2\/comments?post=456489"}],"version-history":[{"count":0,"href":"https:\/\/www.europesays.com\/fr\/wp-json\/wp\/v2\/posts\/456489\/revisions"}],"wp:featuredmedia":[{"embeddable":true,"href":"https:\/\/www.europesays.com\/fr\/wp-json\/wp\/v2\/media\/456057"}],"wp:attachment":[{"href":"https:\/\/www.europesays.com\/fr\/wp-json\/wp\/v2\/media?parent=456489"}],"wp:term":[{"taxonomy":"category","embeddable":true,"href":"https:\/\/www.europesays.com\/fr\/wp-json\/wp\/v2\/categories?post=456489"},{"taxonomy":"post_tag","embeddable":true,"href":"https:\/\/www.europesays.com\/fr\/wp-json\/wp\/v2\/tags?post=456489"}],"curies":[{"name":"wp","href":"https:\/\/api.w.org\/{rel}","templated":true}]}}