{"id":456517,"date":"2025-10-12T03:45:17","date_gmt":"2025-10-12T03:45:17","guid":{"rendered":"https:\/\/www.europesays.com\/fr\/456517\/"},"modified":"2025-10-12T03:45:17","modified_gmt":"2025-10-12T03:45:17","slug":"je-suis-fier-detre-rochelais-ce-soir-glisse-ronan-ogara","status":"publish","type":"post","link":"https:\/\/www.europesays.com\/fr\/456517\/","title":{"rendered":"\u00abJe suis fier d\u2019\u00eatre Rochelais ce soir\u00bb, glisse Ronan O\u2019Gara"},"content":{"rendered":"<p>\n    Malgr\u00e9 la d\u00e9faite conc\u00e9d\u00e9e \u00e0 la sir\u00e8ne sur la pelouse du Stade Fran\u00e7ais, le manager de La Rochelle a appr\u00e9ci\u00e9 la r\u00e9action de son \u00e9quipe apr\u00e8s la claque re\u00e7ue \u00e0 Montpellier.<\/p>\n<p class=\"fig-paragraph\"><strong>Ronan O\u2019Gara, manager de La Rochelle, tire du positif de\u00a0<\/strong><a href=\"http:\/\/www.lefigaro.fr\/sports\/rugby\/top-14\/top-14-le-stade-francais-frustre-la-rochelle-et-passe-en-tete-montauban-y-a-cru-perpignan-s-enfonce-les-resultats-du-multiplex-20251011\" data-fig-type=\"NewsFlash\" data-gtm-custom-categorie=\"navigation\" data-gtm-custom-action=\"crossclick\" data-gtm-custom-label=\"Contextuel\" data-gtm-event=\"customEventSPE\" data-fig-domain=\"LEFIGARO\" target=\"_blank\" rel=\"noopener\"><strong>la d\u00e9faite sur la pelouse du Stade Fran\u00e7ais (26-24)\u00a0<\/strong><\/a> <strong>ce samedi <\/strong>: \u00abJe suis fier d\u2019\u00eatre Rochelais ce soir, je peux dormir ce soir, la semaine derni\u00e8re (apr\u00e8s la d\u00e9faite \u00e0 Montpellier) ce n\u2019\u00e9tait pas la m\u00eame chose. Ce n\u2019est jamais une action qui fait perdre un match (la derni\u00e8re m\u00eal\u00e9e p\u00e9nalis\u00e9e), c\u2019est toute une combinaison de choses. C\u2019est toujours impitoyable un match de Top 14 \u00e0 l\u2019ext\u00e9rieur. Nous avons montr\u00e9 du caract\u00e8re, cela va venir. En ce moment rien ne marche, mais il nous suffit de travailler. En ce moment on souffre, mais il faut savoir prendre du plaisir dans la souffrance pour ensuite progresser.\u00bb<\/p>\n<p>\u00abPas le moment de sortir les cigares\u00bb \u00e0 Paris<\/p>\n<p class=\"fig-paragraph\"><strong>Perry Freshwater, entra\u00eeneur de la m\u00eal\u00e9e du Stade Fran\u00e7ais\u00a0:<\/strong> \u00abAujourd\u2019hui il ne fallait pas \u00eatre cardiaque. Bravo \u00e0 notre m\u00eal\u00e9e. Carbonel a su avoir le courage (NDLR: sur la p\u00e9nalit\u00e9 \u00e0 la derni\u00e8re minute) &#8212; j\u2019allais dire un autre mot, j\u2019ai appris le fran\u00e7ais dans les vestiaires &#8211;, il a su prendre ses responsabilit\u00e9s. Mais La Rochelle, c\u2019est quand m\u00eame une belle \u00e9quipe, une grande \u00e9quipe. On ne peut pas gagner contre tout le monde facilement, il y a des choses qui n\u2019ont pas march\u00e9, qu\u2019il faut encore travailler, mais il y a aussi peut-\u00eatre les s\u00e9quelles de la saison pass\u00e9e. Il y a du caract\u00e8re, il y a des belles choses qui sont en train de se mettre en place. Mais ce n\u2019est pas le moment de sortir les cigares.\u00bb<\/p>\n","protected":false},"excerpt":{"rendered":"Malgr\u00e9 la d\u00e9faite conc\u00e9d\u00e9e \u00e0 la sir\u00e8ne sur la pelouse du Stade Fran\u00e7ais, le manager de La Rochelle&hellip;\n","protected":false},"author":2,"featured_media":456518,"comment_status":"","ping_status":"","sticky":false,"template":"","format":"standard","meta":{"footnotes":""},"categories":[1888],"tags":[1111,1928,11,1927,1777,674,1011,27,12,1926,626,1925,25,22953,2558,6365],"class_list":{"0":"post-456517","1":"post","2":"type-post","3":"status-publish","4":"format-standard","5":"has-post-thumbnail","7":"category-paris","8":"tag-actu","9":"tag-actu-paris","10":"tag-actualites","11":"tag-actualites-paris","12":"tag-eu","13":"tag-europe","14":"tag-fr","15":"tag-france","16":"tag-news","17":"tag-news-paris","18":"tag-paris","19":"tag-paris-news","20":"tag-republique-francaise","21":"tag-ronan-ogara","22":"tag-stade-francais","23":"tag-stade-rochelais"},"share_on_mastodon":{"url":"https:\/\/pubeurope.com\/@fr\/115359142602468945","error":""},"_links":{"self":[{"href":"https:\/\/www.europesays.com\/fr\/wp-json\/wp\/v2\/posts\/456517","targetHints":{"allow":["GET"]}}],"collection":[{"href":"https:\/\/www.europesays.com\/fr\/wp-json\/wp\/v2\/posts"}],"about":[{"href":"https:\/\/www.europesays.com\/fr\/wp-json\/wp\/v2\/types\/post"}],"author":[{"embeddable":true,"href":"https:\/\/www.europesays.com\/fr\/wp-json\/wp\/v2\/users\/2"}],"replies":[{"embeddable":true,"href":"https:\/\/www.europesays.com\/fr\/wp-json\/wp\/v2\/comments?post=456517"}],"version-history":[{"count":0,"href":"https:\/\/www.europesays.com\/fr\/wp-json\/wp\/v2\/posts\/456517\/revisions"}],"wp:featuredmedia":[{"embeddable":true,"href":"https:\/\/www.europesays.com\/fr\/wp-json\/wp\/v2\/media\/456518"}],"wp:attachment":[{"href":"https:\/\/www.europesays.com\/fr\/wp-json\/wp\/v2\/media?parent=456517"}],"wp:term":[{"taxonomy":"category","embeddable":true,"href":"https:\/\/www.europesays.com\/fr\/wp-json\/wp\/v2\/categories?post=456517"},{"taxonomy":"post_tag","embeddable":true,"href":"https:\/\/www.europesays.com\/fr\/wp-json\/wp\/v2\/tags?post=456517"}],"curies":[{"name":"wp","href":"https:\/\/api.w.org\/{rel}","templated":true}]}}