{"id":456527,"date":"2025-10-12T03:50:10","date_gmt":"2025-10-12T03:50:10","guid":{"rendered":"https:\/\/www.europesays.com\/fr\/456527\/"},"modified":"2025-10-12T03:50:10","modified_gmt":"2025-10-12T03:50:10","slug":"une-cour-dappel-met-un-frein-au-deploiement-de-la-garde-nationale-a-chicago","status":"publish","type":"post","link":"https:\/\/www.europesays.com\/fr\/456527\/","title":{"rendered":"une cour d&rsquo;appel met un frein au d\u00e9ploiement de la garde nationale \u00e0 Chicago"},"content":{"rendered":"<p>\n    Cette d\u00e9cision confirme en grande partie la suspension annonc\u00e9e jeudi par une juge f\u00e9d\u00e9rale de cette mobilisation ordonn\u00e9e par Donald Trump, dans le cadre de sa campagne d\u2019expulsion massive.<\/p>\n<p class=\"fig-paragraph\">Les militaires de la\u00a0<a href=\"http:\/\/www.lefigaro.fr\/international\/etats-unis-malgre-l-opposition-des-elus-locaux-pres-de-500-gardes-nationaux-deployes-a-chicago-20251009\" data-fig-type=\"NewsFlash\" data-gtm-custom-categorie=\"navigation\" data-gtm-custom-action=\"crossclick\" data-gtm-custom-label=\"Contextuel\" data-gtm-event=\"customEventSPE\" data-fig-domain=\"LEFIGARO\" rel=\"nofollow noopener\" target=\"_blank\">Garde nationale envoy\u00e9s \u00e0 Chicago<\/a>\u00a0pour appuyer la police de l&rsquo;immigration ne peuvent pas y \u00eatre d\u00e9ploy\u00e9s m\u00eame s&rsquo;ils peuvent rester dans l&rsquo;\u00c9tat de l&rsquo;Illinois, a jug\u00e9 samedi une cour d&rsquo;appel am\u00e9ricaine.<\/p>\n<p class=\"fig-paragraph\">Cette d\u00e9cision confirme en grande partie la\u00a0<a href=\"http:\/\/www.lefigaro.fr\/international\/une-juge-suspend-le-deploiement-de-la-garde-nationale-a-chicago-20251010\" data-fig-type=\"NewsFlash\" data-gtm-custom-categorie=\"navigation\" data-gtm-custom-action=\"crossclick\" data-gtm-custom-label=\"Contextuel\" data-gtm-event=\"customEventSPE\" data-fig-domain=\"LEFIGARO\" rel=\"nofollow noopener\" target=\"_blank\">suspension annonc\u00e9e jeudi par une juge f\u00e9d\u00e9rale<\/a>\u00a0de cette mobilisation ordonn\u00e9e par le pr\u00e9sident Donald Trump, dans le cadre de sa campagne d&rsquo;expulsion massive. \u00abIl est ordonn\u00e9 d&rsquo;acc\u00e9der \u00e0 la demande visant \u00e0 obtenir un sursis administratif concernant la f\u00e9d\u00e9ralisation de la Garde nationale (qui passe du contr\u00f4le de l&rsquo;\u00c9tat \u00e0 celui du gouvernement f\u00e9d\u00e9ral, NDLR) et de la rejeter en ce qui concerne le d\u00e9ploiement\u00bb, a fait savoir la cour d&rsquo;appel.<\/p>\n<p>                                    <a class=\"fig-a11y-skip a11y-hidden\" href=\"#fig-a11y-skip-main-inarticle\"><br \/>\n        Passer la publicit\u00e9<br \/>\n    <\/a><\/p>\n<p class=\"fig-paragraph\">L&rsquo;administration Trump avait fait appel de la d\u00e9cision rendue jeudi par la juge f\u00e9d\u00e9rale April Perry suspendant pour deux semaines le d\u00e9ploiement de la Garde nationale \u00e0 Chicago, ville dirig\u00e9e par les d\u00e9mocrates.<\/p>\n<p class=\"fig-paragraph\">Cet appel avait \u00e9t\u00e9 motiv\u00e9 selon la Maison Blanche par la n\u00e9cessit\u00e9 de \u00abprot\u00e9ger les agents et biens f\u00e9d\u00e9raux\u00bb \u00e0 Chicago, apr\u00e8s des manifestations devant des b\u00e2timents de la police de l&rsquo;immigration. Environ 200 gardes nationaux du Texas (sud) et 300 membres de ce corps de r\u00e9servistes de l&rsquo;Illinois ont \u00e9t\u00e9 envoy\u00e9s \u00e0 Chicago, selon les donn\u00e9es de l&rsquo;arm\u00e9e am\u00e9ricaine.<\/p>\n<p class=\"fig-paragraph\">La d\u00e9cision de la cour d&rsquo;appel permet de suspendre le d\u00e9ploiement des troupes jusqu&rsquo;\u00e0 ce qu&rsquo;elle puisse entendre d&rsquo;autres arguments.<\/p>\n","protected":false},"excerpt":{"rendered":"Cette d\u00e9cision confirme en grande partie la suspension annonc\u00e9e jeudi par une juge f\u00e9d\u00e9rale de cette mobilisation ordonn\u00e9e&hellip;\n","protected":false},"author":2,"featured_media":456528,"comment_status":"","ping_status":"","sticky":false,"template":"","format":"standard","meta":{"footnotes":""},"categories":[1589],"tags":[11,17005,75,73,1866,12,1864,1865,1863,308],"class_list":{"0":"post-456527","1":"post","2":"type-post","3":"status-publish","4":"format-standard","5":"has-post-thumbnail","7":"category-etats-unis","8":"tag-actualites","9":"tag-chicago","10":"tag-donald-trump","11":"tag-etats-unis","12":"tag-etats-unis-damerique","13":"tag-news","14":"tag-united-states","15":"tag-united-states-of-america","16":"tag-us","17":"tag-usa"},"share_on_mastodon":{"url":"https:\/\/pubeurope.com\/@fr\/115359162315831473","error":""},"_links":{"self":[{"href":"https:\/\/www.europesays.com\/fr\/wp-json\/wp\/v2\/posts\/456527","targetHints":{"allow":["GET"]}}],"collection":[{"href":"https:\/\/www.europesays.com\/fr\/wp-json\/wp\/v2\/posts"}],"about":[{"href":"https:\/\/www.europesays.com\/fr\/wp-json\/wp\/v2\/types\/post"}],"author":[{"embeddable":true,"href":"https:\/\/www.europesays.com\/fr\/wp-json\/wp\/v2\/users\/2"}],"replies":[{"embeddable":true,"href":"https:\/\/www.europesays.com\/fr\/wp-json\/wp\/v2\/comments?post=456527"}],"version-history":[{"count":0,"href":"https:\/\/www.europesays.com\/fr\/wp-json\/wp\/v2\/posts\/456527\/revisions"}],"wp:featuredmedia":[{"embeddable":true,"href":"https:\/\/www.europesays.com\/fr\/wp-json\/wp\/v2\/media\/456528"}],"wp:attachment":[{"href":"https:\/\/www.europesays.com\/fr\/wp-json\/wp\/v2\/media?parent=456527"}],"wp:term":[{"taxonomy":"category","embeddable":true,"href":"https:\/\/www.europesays.com\/fr\/wp-json\/wp\/v2\/categories?post=456527"},{"taxonomy":"post_tag","embeddable":true,"href":"https:\/\/www.europesays.com\/fr\/wp-json\/wp\/v2\/tags?post=456527"}],"curies":[{"name":"wp","href":"https:\/\/api.w.org\/{rel}","templated":true}]}}