{"id":456531,"date":"2025-10-12T03:52:11","date_gmt":"2025-10-12T03:52:11","guid":{"rendered":"https:\/\/www.europesays.com\/fr\/456531\/"},"modified":"2025-10-12T03:52:11","modified_gmt":"2025-10-12T03:52:11","slug":"le-land-du-schleswig-holstein-ouvre-la-voie","status":"publish","type":"post","link":"https:\/\/www.europesays.com\/fr\/456531\/","title":{"rendered":"le Land du Schleswig-Holstein ouvre la voie"},"content":{"rendered":"<p>Pour la premi\u00e8re fois en Allemagne, un Land <a href=\"https:\/\/www.vikz.de\/de\/aktuelles\/schleswig-holstein-und-landesverband-der-islamischen-kulturzentren-norddeutschland-schliessen-vertrag-2.html\" rel=\"nofollow noopener\" target=\"_blank\">a d\u00e9cid\u00e9 de\u00a0<strong>reconna\u00eetre officiellement les principales f\u00eates de l\u2019islam<\/strong><\/a> et d\u2019en faire un \u00e9l\u00e9ment du calendrier institutionnel.<\/p>\n<p>Le\u00a0<strong>Schleswig-Holstein<\/strong>, r\u00e9gion du nord du pays, a sign\u00e9 un\u00a0<strong>accord in\u00e9dit avec le Verband Islamischer Kulturzentren (VIKZ)<\/strong>, l\u2019Association des centres culturels islamiques d\u2019Allemagne du Nord, pr\u00e9voyant la possibilit\u00e9 pour les \u00e9l\u00e8ves et les salari\u00e9s musulmans d\u2019obtenir\u00a0<strong>un cong\u00e9 l\u00e9gal lors du premier jour du Ramadan et de l\u2019A\u00efd al-Adha<\/strong>.<\/p>\n<p>Cet accord, sign\u00e9 \u00e0 Kiel par la ministre de l\u2019\u00c9ducation Dorit Stenke (CDU), va plus loin qu\u2019une simple reconnaissance symbolique. Il pose les bases d\u2019un\u00a0<strong>enseignement religieux islamique dans les \u00e9coles publiques<\/strong>, au m\u00eame titre que les cours de religion protestante, catholique ou juive, et conf\u00e8re au VIKZ le droit de\u00a0<strong>former ses propres imams<\/strong>\u00a0et de\u00a0<strong>g\u00e9rer des institutions \u00e9ducatives et culturelles<\/strong>\u00a0reconnues par l\u2019\u00c9tat.<\/p>\n<p>\u00ab L\u2019islam fait partie de notre vie sociale \u00bb<\/p>\n<p>Pour le gouvernement r\u00e9gional, cette d\u00e9marche constitue un \u00ab\u00a0<strong>signe fort de reconnaissance et d\u2019\u00e9galit\u00e9 de traitement<\/strong>\u00bb entre les communaut\u00e9s religieuses. \u00ab Ce trait\u00e9 confirme que les citoyens de foi musulmane font pleinement partie de notre soci\u00e9t\u00e9 \u00bb, a d\u00e9clar\u00e9 la ministre Dorit Stenke.<\/p>\n<p>Du c\u00f4t\u00e9 des repr\u00e9sentants musulmans, la satisfaction est \u00e9vidente. \u00ab Ce contrat rend les choses claires : l\u2019islam fait partie de notre vie sociale. Il a pris racine ici et continue de s\u2019\u00e9panouir \u00bb, s\u2019est f\u00e9licit\u00e9 <strong>Muhlis \u015eahin<\/strong>, vice-pr\u00e9sident du VIKZ.<\/p>\n<p>Selon le texte, la coop\u00e9ration entre l\u2019\u00c9tat et l\u2019association islamique ne se limite pas aux f\u00eates religieuses : elle englobe la\u00a0<strong>jeunesse, la petite enfance, l\u2019int\u00e9gration et la promotion de la langue allemande<\/strong>.<\/p>\n<p>Des cong\u00e9s \u00ab pas automatiques \u00bb\u2026 mais bien r\u00e9els<\/p>\n<p>Le Land a tent\u00e9 d\u2019\u00e9teindre la pol\u00e9mique en pr\u00e9cisant que ces journ\u00e9es ne deviennent pas des jours f\u00e9ri\u00e9s officiels.<br \/>Les enfants musulmans pourront simplement\u00a0<strong>demander une dispense scolaire<\/strong>, et les adultes\u00a0<strong>solliciter un cong\u00e9<\/strong>aupr\u00e8s de leur employeur. Mais dans les faits,\u00a0<strong>l\u2019\u00c9tat reconna\u00eet d\u00e9sormais deux f\u00eates religieuses islamiques<\/strong>\u00a0au m\u00eame titre que les f\u00eates chr\u00e9tiennes, donnant un\u00a0<strong>cadre juridique in\u00e9dit \u00e0 la pratique de l\u2019islam<\/strong>\u00a0dans le domaine public.<\/p>\n<p>Plusieurs m\u00e9dias allemands y voient un\u00a0<strong>tournant historique<\/strong>, alors que jusque-l\u00e0 seule la ville de Hambourg autorisait ponctuellement des absences pour motifs religieux. Le Schleswig-Holstein devient donc\u00a0<strong>le premier Land allemand<\/strong>\u00a0\u00e0 inscrire ces f\u00eates dans la loi sur les jours f\u00e9ri\u00e9s et religieux.<\/p>\n<p>Vers un enseignement religieux islamique dans les \u00e9coles<\/p>\n<p>L\u2019un des points les plus sensibles du trait\u00e9 concerne l\u2019\u00e9ducation. Le texte pr\u00e9voit que,\u00a0<strong>\u00e0 moyen terme<\/strong>, un\u00a0<strong>cours d\u2019enseignement islamique<\/strong>\u00a0soit propos\u00e9 dans les \u00e9coles publiques,\u00a0<strong>au m\u00eame niveau que les cours de religion protestante ou catholique<\/strong>.<\/p>\n<p>Cette d\u00e9cision s\u2019inscrit dans une volont\u00e9 politique de\u00a0<strong>normaliser la pr\u00e9sence de l\u2019islam dans les institutions scolaires<\/strong>, au nom de l\u2019\u00e9galit\u00e9 et du multiculturalisme. Mais pour de nombreux observateurs conservateurs, ce projet illustre\u00a0<strong>l\u2019islamisation progressive du syst\u00e8me \u00e9ducatif allemand<\/strong>, o\u00f9 l\u2019\u00c9tat ne se contente plus d\u2019accepter la diversit\u00e9 religieuse, mais\u00a0<strong>la promeut activement<\/strong>\u00a0au sein des structures publiques.<\/p>\n<p>L\u2019accord de Kiel intervient dans un contexte o\u00f9 l\u2019Allemagne conna\u00eet une\u00a0<strong>croissance rapide de sa population musulmane<\/strong>, estim\u00e9e \u00e0 plus de\u00a0<strong>6 millions de personnes<\/strong>. En parall\u00e8le, la pratique religieuse chr\u00e9tienne est en chute libre, et l\u2019appartenance confessionnelle recule dans les g\u00e9n\u00e9rations plus jeunes.<\/p>\n<p>Le gouvernement du Schleswig-Holstein pr\u00e9sente cet accord comme un mod\u00e8le d\u2019int\u00e9gration et de coexistence pacifique. Mais d\u2019autres y voient le\u00a0<strong>symbole d\u2019un d\u00e9s\u00e9quilibre croissant<\/strong>, o\u00f9 la la\u00efcit\u00e9 et l\u2019identit\u00e9 culturelle allemande se diluent dans une logique d\u2019accommodement permanent.<\/p>\n<p>Le Schleswig-Holstein rejoint ainsi la liste des r\u00e9gions europ\u00e9ennes o\u00f9 les autorit\u00e9s\u00a0<strong>institutionnalisent la reconnaissance de l\u2019islam<\/strong>\u00a0comme religion d\u2019\u00c9tat de fait : apr\u00e8s Hambourg, Bruxelles, ou certaines zones de Su\u00e8de, le mod\u00e8le multiculturel franchit une nouvelle \u00e9tape.<\/p>\n<p>Derri\u00e8re la rh\u00e9torique de la tol\u00e9rance, beaucoup redoutent un\u00a0<strong>effacement progressif de la culture europ\u00e9enne majoritaire<\/strong>, au profit d\u2019un mod\u00e8le communautaire fond\u00e9 sur la segmentation ethno-religieuse. A<\/p>\n<p>Illustration : DR<br \/>[cc] Article relu et corrig\u00e9 (orthographe, syntaxe) par ChatGPT.<\/p>\n<p>Breizh-info.com, 2025, d\u00e9p\u00eaches libres de copie et de diffusion sous r\u00e9serve de mention et de lien vers la source d\u2019origine..<\/p>\n","protected":false},"excerpt":{"rendered":"Pour la premi\u00e8re fois en Allemagne, un Land a d\u00e9cid\u00e9 de\u00a0reconna\u00eetre officiellement les principales f\u00eates de l\u2019islam et&hellip;\n","protected":false},"author":2,"featured_media":456532,"comment_status":"","ping_status":"","sticky":false,"template":"","format":"standard","meta":{"footnotes":""},"categories":[1587],"tags":[11,672,1804,1805,1803,1777,674,1801,5318,12,1802,58178],"class_list":{"0":"post-456531","1":"post","2":"type-post","3":"status-publish","4":"format-standard","5":"has-post-thumbnail","7":"category-allemagne","8":"tag-actualites","9":"tag-allemagne","10":"tag-bundesrepublik-deutschland","11":"tag-de","12":"tag-deutschland","13":"tag-eu","14":"tag-europe","15":"tag-germany","16":"tag-islam","17":"tag-news","18":"tag-republique-federale-dallemagne","19":"tag-schleswig-holstein"},"share_on_mastodon":{"url":"https:\/\/pubeurope.com\/@fr\/115359170157942439","error":""},"_links":{"self":[{"href":"https:\/\/www.europesays.com\/fr\/wp-json\/wp\/v2\/posts\/456531","targetHints":{"allow":["GET"]}}],"collection":[{"href":"https:\/\/www.europesays.com\/fr\/wp-json\/wp\/v2\/posts"}],"about":[{"href":"https:\/\/www.europesays.com\/fr\/wp-json\/wp\/v2\/types\/post"}],"author":[{"embeddable":true,"href":"https:\/\/www.europesays.com\/fr\/wp-json\/wp\/v2\/users\/2"}],"replies":[{"embeddable":true,"href":"https:\/\/www.europesays.com\/fr\/wp-json\/wp\/v2\/comments?post=456531"}],"version-history":[{"count":0,"href":"https:\/\/www.europesays.com\/fr\/wp-json\/wp\/v2\/posts\/456531\/revisions"}],"wp:featuredmedia":[{"embeddable":true,"href":"https:\/\/www.europesays.com\/fr\/wp-json\/wp\/v2\/media\/456532"}],"wp:attachment":[{"href":"https:\/\/www.europesays.com\/fr\/wp-json\/wp\/v2\/media?parent=456531"}],"wp:term":[{"taxonomy":"category","embeddable":true,"href":"https:\/\/www.europesays.com\/fr\/wp-json\/wp\/v2\/categories?post=456531"},{"taxonomy":"post_tag","embeddable":true,"href":"https:\/\/www.europesays.com\/fr\/wp-json\/wp\/v2\/tags?post=456531"}],"curies":[{"name":"wp","href":"https:\/\/api.w.org\/{rel}","templated":true}]}}