{"id":456543,"date":"2025-10-12T04:00:21","date_gmt":"2025-10-12T04:00:21","guid":{"rendered":"https:\/\/www.europesays.com\/fr\/456543\/"},"modified":"2025-10-12T04:00:21","modified_gmt":"2025-10-12T04:00:21","slug":"le-demi-de-melee-de-bayonne-maxime-machenaud-sort-en-larmes-sur-la-pelouse-de-pau-lequipe","status":"publish","type":"post","link":"https:\/\/www.europesays.com\/fr\/456543\/","title":{"rendered":"Le demi de m\u00eal\u00e9e de Bayonne Maxime Machenaud sort en larmes sur la pelouse de Pau &#8211; L&#039;\u00c9quipe"},"content":{"rendered":"<ol>\n<li><a href=\"https:\/\/news.google.com\/rss\/articles\/CBMiyAFBVV95cUxQVWUyUm5PWDEtNzhpM3FlS1VmNEZETnhNeTBTMDd3enV2ZHNGVlFDMkphY2JGTV82aks1eVdZZVJmT1RQU3JHM0JINVk0NjFwT2ZDVnhvbjZQOHhzY2dwam9DWTBkSlBqaWkzcGoxS29fWmdsY28zdHoxZ0ZGdURiMFA0clo2ZW5yN0hUODNSWTZBdXBmdkRqdWlFWENrTXR2YUF2bFAzSGp2WG0tanlwbk96S2xhZ2JCcGtlb1QxQTNIMEZ0ZjZ0Sg?oc=5\" target=\"_blank\" rel=\"nofollow noopener\">Le demi de m\u00eal\u00e9e de Bayonne Maxime Machenaud sort en larmes sur la pelouse de Pau<\/a>&nbsp;&nbsp;L&rsquo;\u00c9quipe<\/li>\n<li><a href=\"https:\/\/news.google.com\/rss\/articles\/CBMimAFBVV95cUxPcVk1SXd6Zld3NzVBQXlGN3FaQkk1QW5hSXdoVzh4U3ljUkNTMWRQLTBQemhDbHU5anFsRVd3SEtVRGlvTXFJczBvSXpNdVhrSVF3LWc5c1I0eDNEVXl5b0RKSUxYY3Rha2NxbXRvY1ZlQWI2Y3l6UUFPSVVPRlI1RnBIMmxxWGJydzhxMEZxRGtKWFJaTjA3bQ?oc=5\" target=\"_blank\" rel=\"nofollow noopener\">Top 14 (J6) : Revivez le multiplex<\/a>&nbsp;&nbsp;Orange Actualit\u00e9s | Sports<\/li>\n<li><a href=\"https:\/\/news.google.com\/rss\/articles\/CBMigAJBVV95cUxQZjdhQ2h6ZWl4SmZGajZ3ekhyOGJsOGNwUDlQaVhSX01jcTQtcWN1OHN5Z0RGTE5nRzN6N2ZkcTVma0ZWTC1MOXEtd2tKamJCWW00VVhoclhqVWJ0a1dES1Etc19ZTGpROS00eVI4MVhkOGs3dEF6dnlTdU9KaVlKSkxUTGhSS0NKekc4VThkS0xaTjd6d2JVcy1sSW41VDY5a0FYOGZySGhjTFM4R3hSeEpJUjFvMEZKNExVMXlIUkNFSy1mVGJvZVp5RGJ3MWhqX053bnBwdnVBdEF0QWk0X2lMZk9WRV9zdVpfV0tIalpReTlEcmxKVG0xTEZsV21v?oc=5\" target=\"_blank\" rel=\"nofollow noopener\">Top 14 \u2013 Pau \u2013 Bayonne : revivez la large victoire de la Section lors de la 6e journ\u00e9e de championnat<\/a>&nbsp;&nbsp;Rugbyrama<\/li>\n<li><a href=\"https:\/\/news.google.com\/rss\/articles\/CBMi4AFBVV95cUxQYlNySThRM0JtVHBzNDhyUHFUXzN5RkczcDJJSnd6ekNpMy1PMmRsbWRSVjNUelIwTXZYNkwtMHZCR2hXUC14XzExeUppVm54SmQzTVVpVW1hYl9mal93TmFiWGFYN29JbDZCbEtmYnJVZnhBZGk5ZzUzbUpXcmdQaUFxTjg5b1BpdzF4dzJzWmFUdEpRbHREQ0xNaElSRnRwWHJSMmpaR2FMWmdyU202Rlh0ZWpDSWJ6U3lZaGpkcV9JdkYtSzljT3lDQURydXpIRWIxWkhURm5oQlFyOWVtdQ?oc=5\" target=\"_blank\" rel=\"nofollow noopener\">\u00ab Je n\u2019ai jamais vu \u00e7a \u00bb : l\u2019Aviron Bayonnais perd six joueurs en cours de partie \u00e0 Pau<\/a>&nbsp;&nbsp;Sud Ouest<\/li>\n<li><a href=\"https:\/\/news.google.com\/rss\/articles\/CBMilAJBVV95cUxORDVjTlZFQU96QTd4dFc0QjNIVTJxbW1uOGk5NWdUcTBQd3pDLVI4cE5NakxxMEZtZ3k2UDJHZUx0MHZMeHhYRG15Q0JJUzhTdnNpcXpYRlVVdHNKTW01MDVzYkQxUk1tdGk0TmRLMTllOG5wTko2bWV3YmJacHVmNm1LRjl6SGJIMUtCNmI2dHJXbjFXM3NPamtCeE9lQ1JENTJpTGMxOWI2OEFTOFBhdnA5aENPLTkycHhmclRkNERvcnlIckdQaDVsakJJVElBTEY4T2hMV1NKazctOVlkUEkwTlJPTEZ4c1BIWExQQXoxbGhWajZreEdNT2JvUjBOSHEtZ0xaNDNRdU05UGdlOXUwYy0?oc=5\" target=\"_blank\" rel=\"nofollow noopener\">Rugby : \u00ab On n\u2019est pas la petite \u00e9quipe du championnat \u00bb, les r\u00e9actions des Palois apr\u00e8s le succ\u00e8s face \u00e0 Bayonne<\/a>&nbsp;&nbsp;La R\u00e9publique des Pyr\u00e9n\u00e9es<\/li>\n<\/ol>\n","protected":false},"excerpt":{"rendered":"Le demi de m\u00eal\u00e9e de Bayonne Maxime Machenaud sort en larmes sur la pelouse de Pau&nbsp;&nbsp;L&rsquo;\u00c9quipe Top 14&hellip;\n","protected":false},"author":2,"featured_media":456544,"comment_status":"","ping_status":"","sticky":false,"template":"","format":"standard","meta":{"footnotes":""},"categories":[1416],"tags":[1011,27,479,1468,60],"class_list":{"0":"post-456543","1":"post","2":"type-post","3":"status-publish","4":"format-standard","5":"has-post-thumbnail","7":"category-rugby","8":"tag-fr","9":"tag-france","10":"tag-rugby","11":"tag-rugby-football","12":"tag-sports"},"share_on_mastodon":{"url":"https:\/\/pubeurope.com\/@fr\/115359201628373293","error":""},"_links":{"self":[{"href":"https:\/\/www.europesays.com\/fr\/wp-json\/wp\/v2\/posts\/456543","targetHints":{"allow":["GET"]}}],"collection":[{"href":"https:\/\/www.europesays.com\/fr\/wp-json\/wp\/v2\/posts"}],"about":[{"href":"https:\/\/www.europesays.com\/fr\/wp-json\/wp\/v2\/types\/post"}],"author":[{"embeddable":true,"href":"https:\/\/www.europesays.com\/fr\/wp-json\/wp\/v2\/users\/2"}],"replies":[{"embeddable":true,"href":"https:\/\/www.europesays.com\/fr\/wp-json\/wp\/v2\/comments?post=456543"}],"version-history":[{"count":0,"href":"https:\/\/www.europesays.com\/fr\/wp-json\/wp\/v2\/posts\/456543\/revisions"}],"wp:featuredmedia":[{"embeddable":true,"href":"https:\/\/www.europesays.com\/fr\/wp-json\/wp\/v2\/media\/456544"}],"wp:attachment":[{"href":"https:\/\/www.europesays.com\/fr\/wp-json\/wp\/v2\/media?parent=456543"}],"wp:term":[{"taxonomy":"category","embeddable":true,"href":"https:\/\/www.europesays.com\/fr\/wp-json\/wp\/v2\/categories?post=456543"},{"taxonomy":"post_tag","embeddable":true,"href":"https:\/\/www.europesays.com\/fr\/wp-json\/wp\/v2\/tags?post=456543"}],"curies":[{"name":"wp","href":"https:\/\/api.w.org\/{rel}","templated":true}]}}