{"id":456545,"date":"2025-10-12T04:01:16","date_gmt":"2025-10-12T04:01:16","guid":{"rendered":"https:\/\/www.europesays.com\/fr\/456545\/"},"modified":"2025-10-12T04:01:16","modified_gmt":"2025-10-12T04:01:16","slug":"atp-avant-nous-avions-wawrinka-murray-tsonga-del-potro-berdych-davydenko-nalbandian-soderling-roddick-ferrero-pour-moi-le-niveau-des-joueurs-du-deuxieme-ou-troisieme-echelon-est","status":"publish","type":"post","link":"https:\/\/www.europesays.com\/fr\/456545\/","title":{"rendered":"ATP > \u00ab\u00a0Avant, nous avions Wawrinka, Murray, Tsonga, Del Potro, Berdych, Davydenko, Nalbandian, Soderling, Roddick, Ferrero\u2026 Pour moi, le niveau des joueurs du deuxi\u00e8me ou troisi\u00e8me \u00e9chelon est nettement inf\u00e9rieur \u00e0 celui des joueurs actuels\u00a0\u00bb, estime Jos\u00e9 Moron"},"content":{"rendered":"<p>Alors que le Mon\u00e9gasque, Valentin Vacherot, s\u2019est qualifi\u00e9 \u00e0 la surprise g\u00e9n\u00e9\u00adrale pour la finale du Masters 1000 de Shanghai apr\u00e8s avoir battu, ce samedi, Novak Djokovic, certains comme notre confr\u00e8re espa\u00adgnol, Jos\u00e9 Moron, s\u2019in\u00adter\u00adrogent sur le niveau actuel et global du circuit masculin.\u00a0<\/p>\n<blockquote class=\"twitter-tweet\">\n<p lang=\"es\" dir=\"ltr\">Sin Alcaraz ni Sinner, con un Djokovic mermado y sacando los partidos a duras penas, ha tenido que ser Vacherot, el 204 del mundo, el que d\u00e9 un paso adelante y llegue a la final de un torneo como Shanghai.<\/p>\n<p>Echo en falta juga\u00addores de segunda o tercera l\u00ednea, que tiren del carro.\u2026 <a href=\"https:\/\/t.co\/GXX8dLjcCs\" data-wpel-link=\"external\" target=\"_blank\" rel=\"nofollow external noopener\">pic.twitter.com\/GXX8dLjcCs<\/a><\/p>\n<p>\u2014 Jos\u00e9 Mor\u00f3n (@jmgmoron) <a href=\"https:\/\/twitter.com\/jmgmoron\/status\/1976969255854727292?ref_src=twsrc%5Etfw\" data-wpel-link=\"external\" target=\"_blank\" rel=\"nofollow external noopener\">October 11,\u00a02025<\/a><\/p><\/blockquote>\n<p><strong>\u00ab\u202fSans Alcaraz ni Sinner, avec un Djokovic diminu\u00e9 et qui gagne ses matchs \u00e0 grand\u2010peine, c\u2019est Vacherot, le 204e mondial, qui a d\u00fb se d\u00e9mar\u00adquer et atteindre la finale d\u2019un tournoi comme Shanghai. Je regrette l\u2019absence de joueurs de deuxi\u00e8me ou troi\u00adsi\u00e8me rang, capables de prendre les choses en main. Oui, le niveau du 200e mondial a peut\u2010\u00eatre progress\u00e9 par rapport \u00e0 il y a 20 ans, mais je pense que le niveau des joueurs de t\u00eate a \u00e9gale\u00adment baiss\u00e9. Tout s\u2019est un peu \u00e9qui\u00adlibr\u00e9, si vous pr\u00e9f\u00e9rez le dire ainsi. Avant, nous avions Wawrinka, Murray, Tsonga, Del Potro, Berdych, Davydenko, Nalbandian, Soderling, Roddick, Ferrero\u2026 Pour moi, le niveau des joueurs de deuxi\u00e8me ou troi\u00adsi\u00e8me \u00e9chelon est nette\u00adment inf\u00e9\u00adrieur \u00e0 celui des actuels.\u202f\u00bb<\/strong><\/p>\n<p class=\"post-published-date\" style=\"color: silver; font-size: 75%; text-align: left;\">Publi\u00e9 le samedi 11 octobre 2025 \u00e0 15:15<\/p>\n<p><script async src=\"https:\/\/platform.twitter.com\/widgets.js\" charset=\"utf-8\"><\/script><\/p>\n","protected":false},"excerpt":{"rendered":"Alors que le Mon\u00e9gasque, Valentin Vacherot, s\u2019est qualifi\u00e9 \u00e0 la surprise g\u00e9n\u00e9\u00adrale pour la finale du Masters 1000&hellip;\n","protected":false},"author":2,"featured_media":456546,"comment_status":"","ping_status":"","sticky":false,"template":"","format":"standard","meta":{"footnotes":""},"categories":[1415],"tags":[1744,4737,4738,105,7275,1011,27,2127,60,1754,1467,14828],"class_list":{"0":"post-456545","1":"post","2":"type-post","3":"status-publish","4":"format-standard","5":"has-post-thumbnail","7":"category-tennis","8":"tag-alcaraz","9":"tag-andy-murray","10":"tag-del-potro","11":"tag-djokovic","12":"tag-ferrero","13":"tag-fr","14":"tag-france","15":"tag-sinner","16":"tag-sports","17":"tag-stan-wawrinka","18":"tag-tennis","19":"tag-tsonga"},"share_on_mastodon":{"url":"https:\/\/pubeurope.com\/@fr\/115359205483975305","error":""},"_links":{"self":[{"href":"https:\/\/www.europesays.com\/fr\/wp-json\/wp\/v2\/posts\/456545","targetHints":{"allow":["GET"]}}],"collection":[{"href":"https:\/\/www.europesays.com\/fr\/wp-json\/wp\/v2\/posts"}],"about":[{"href":"https:\/\/www.europesays.com\/fr\/wp-json\/wp\/v2\/types\/post"}],"author":[{"embeddable":true,"href":"https:\/\/www.europesays.com\/fr\/wp-json\/wp\/v2\/users\/2"}],"replies":[{"embeddable":true,"href":"https:\/\/www.europesays.com\/fr\/wp-json\/wp\/v2\/comments?post=456545"}],"version-history":[{"count":0,"href":"https:\/\/www.europesays.com\/fr\/wp-json\/wp\/v2\/posts\/456545\/revisions"}],"wp:featuredmedia":[{"embeddable":true,"href":"https:\/\/www.europesays.com\/fr\/wp-json\/wp\/v2\/media\/456546"}],"wp:attachment":[{"href":"https:\/\/www.europesays.com\/fr\/wp-json\/wp\/v2\/media?parent=456545"}],"wp:term":[{"taxonomy":"category","embeddable":true,"href":"https:\/\/www.europesays.com\/fr\/wp-json\/wp\/v2\/categories?post=456545"},{"taxonomy":"post_tag","embeddable":true,"href":"https:\/\/www.europesays.com\/fr\/wp-json\/wp\/v2\/tags?post=456545"}],"curies":[{"name":"wp","href":"https:\/\/api.w.org\/{rel}","templated":true}]}}