{"id":456553,"date":"2025-10-12T04:07:14","date_gmt":"2025-10-12T04:07:14","guid":{"rendered":"https:\/\/www.europesays.com\/fr\/456553\/"},"modified":"2025-10-12T04:07:14","modified_gmt":"2025-10-12T04:07:14","slug":"michael-youn-combien-a-t-il-denfants","status":"publish","type":"post","link":"https:\/\/www.europesays.com\/fr\/456553\/","title":{"rendered":"Micha\u00ebl Youn : combien a-t-il d\u2019enfants ?"},"content":{"rendered":"<p>Apr\u00e8s avoir r\u00e9alis\u00e9 ses d\u00e9buts en radio comme journaliste sur<br \/>\nl&rsquo;antenne de Skyrock en 1998. <strong>Micha\u00ebl Youn fut licenci\u00e9 de<br \/>\nla station deux ans plus tard.<\/strong> Apr\u00e8s une interview<br \/>\nhouleuse avec le regrett\u00e9 <a href=\"https:\/\/www.closermag.fr\/people\/bernard-tapie-son-epouse-dominique-pas-menagee-par-lex-homme-daffaires-ces-mots-durs-en-temoignent-3479495\" rel=\"nofollow noopener\" target=\"_blank\"><br \/>\nBernard Tapie<\/a>. Par la suite, il a \u00e9t\u00e9 recrut\u00e9 par M6 pour<br \/>\npr\u00e9senter la matinale de la cha\u00eene, baptis\u00e9e le Morning Live. Un<br \/>\nprogramme qui deviendra rapidement culte.<\/p>\n<p>Apr\u00e8s avoir quitt\u00e9 M6 en 2002. <a href=\"https:\/\/www.closermag.fr\/people\/michael-youn-a-t-il-des-enfants-1409964\" rel=\"nofollow noopener\" target=\"_blank\"><br \/>\nMicha\u00ebl Youn<\/a> s&rsquo;est lanc\u00e9 avec succ\u00e8s dans une carri\u00e8re<br \/>\nd&rsquo;acteur. <strong>Tout en r\u00e9alisant lui-m\u00eame ses propres<br \/>\nfilms<\/strong>. Il est ainsi apparu dans des com\u00e9dies comme :<br \/>\nLa Beuze\u00a0(2003),\u00a0Les Onze Commandements\u00a0(2004)<br \/>\net\u00a0Iznogoud\u00a0(2005),\u00a0Incontr\u00f4lable (2006),\u00a0H\u00e9ros<br \/>\n(2007), Lucky Luke (2009), Fatal (2010), Comme un chef (2012), Vive<br \/>\nla France (2013), Divorce Club (2020). Ou bien encore BDE<br \/>\n(2023).<\/p>\n<p>L&rsquo;ancien animateur du Morning Live de M6 a eu deux enfants avec<br \/>\nIsabelle Funaro<\/p>\n<p>En parall\u00e8le, il m\u00e8ne \u00e9galement une carri\u00e8re de chanteur \u00e0<br \/>\nsucc\u00e8s. <strong>Sous le pseudonyme de son alter-ego Fatal<br \/>\nBazooka<\/strong>. C\u00f4t\u00e9 vie priv\u00e9e, Micha\u00ebl Youn a fr\u00e9quent\u00e9<br \/>\nplusieurs femmes. Il a notamment \u00e9t\u00e9 en couple avec la com\u00e9dienne<br \/>\nJuliette Arnaud. Avant de se partager la vie de l&rsquo;actrice <a href=\"https:\/\/www.closermag.fr\/people\/quel-divorce-elsa-pataky-et-chris-hemsworth-font-taire-les-rumeurs-679726\" rel=\"nofollow noopener\" target=\"_blank\"><br \/>\nElsa Pataky<\/a>. Depuis 2008, il vit une idylle amoureuse avec<br \/>\n<a href=\"https:\/\/www.closermag.fr\/people\/michael-youn-isabelle-funaro-elsa-pataky-qui-sont-les-femmes-de-sa-vie-1141640\" rel=\"nofollow noopener\" target=\"_blank\"><br \/>\nIsabelle Funaro<\/a>. Ensemble, ils ont fond\u00e9 une famille en mettant<br \/>\nau monde une fille baptis\u00e9e Seven en 2011. Ils ont ensuite eu un<br \/>\nfils pr\u00e9nomm\u00e9 Stellar en 2019.<\/p>\n<p>Dans le cadre d&rsquo;une interview r\u00e9cemment accord\u00e9e \u00e0 <a href=\"https:\/\/www.telestar.fr\/people\/guillaume-pley-je-ne-reviendrai-pas-dans-tpmp-299803\" rel=\"nofollow noopener\" target=\"_blank\"><br \/>\nGuillaume Pley<\/a> pour le m\u00e9dia Legend sur YouTube. Micha\u00ebl Youn a<br \/>\navou\u00e9 que sa relation avec la m\u00e8re de ses enfants a connu des hauts<br \/>\net des bas au fil des ann\u00e9es. \u00ab\u00a0<strong>Il faut savoir se<br \/>\ns\u00e9parer.<\/strong> On s&rsquo;est d\u00e9j\u00e0 s\u00e9par\u00e9 deux fois. On se s\u00e9pare, on<br \/>\ns&rsquo;engueule, on va voir ailleurs, on revient. \u00c7a fait du bien aussi<br \/>\nd&rsquo;aller voir un peu ailleurs, de respirer&#8230;\u00a0\u00bb, a-t-il tout<br \/>\nd&rsquo;abord r\u00e9v\u00e9l\u00e9<\/p>\n<p>Micha\u00ebl Youn sur son couple avec<br \/>\nIsabelle Funaro : \u00ab\u00a0\u00c0 chaque fois qu&rsquo;on se remet ensemble,<br \/>\n<strong>on refait un enfant<\/strong>\u00a0\u00bb<\/p>\n<p>\u00ab\u00a0On s&rsquo;est d\u00e9j\u00e0 s\u00e9par\u00e9s deux fois. Ce n&rsquo;est jamais<br \/>\nd&rsquo;un commun accord. Une fois c&rsquo;\u00e9tait elle, une fois c&rsquo;\u00e9tait moi. On<br \/>\nn&rsquo;\u00e9tait jamais d&rsquo;accord mais bon, tu subis et apr\u00e8s, on se remet<br \/>\nensemble. (&#8230;) Et \u00e0 chaque fois qu&rsquo;on se remet ensemble,<br \/>\n<strong>on refait un enfant donc ce n&rsquo;est pas mal<\/strong>\u00ab\u00a0, a<br \/>\n\u00e9galement soulign\u00e9 Micha\u00ebl Youn.<\/p>\n<p>Pour m\u00e9moire, l&rsquo;acteur avait notamment d\u00e9couvert l&rsquo;une des<br \/>\ninfid\u00e9lit\u00e9s de sa compagne en Une d&rsquo;un magazine. \u00ab\u00a0<strong>Je<br \/>\nn&rsquo;ai plus vraiment le droit d&rsquo;en parler.<\/strong> \u00c7a lui fait de la<br \/>\npeine. On est cinq dans la pi\u00e8ce, il y a tous les deux et<br \/>\ntrois cadreurs tr\u00e8s sympathiques. On est l\u00e0, on est d\u00e9tendus, on<br \/>\nparle&#8230; Et on fait 600 000 vues, 1 million&#8230; Apr\u00e8s, elle est au<br \/>\ncourant\u00a0\u00bb, a-t-il ainsi pr\u00e9cis\u00e9 \u00e0 ce sujet.<\/p>\n","protected":false},"excerpt":{"rendered":"Apr\u00e8s avoir r\u00e9alis\u00e9 ses d\u00e9buts en radio comme journaliste sur l&rsquo;antenne de Skyrock en 1998. Micha\u00ebl Youn fut&hellip;\n","protected":false},"author":2,"featured_media":456554,"comment_status":"","ping_status":"","sticky":false,"template":"","format":"standard","meta":{"footnotes":""},"categories":[1359],"tags":[548,58,59,1011,27,1313,973,729],"class_list":{"0":"post-456553","1":"post","2":"type-post","3":"status-publish","4":"format-standard","5":"has-post-thumbnail","7":"category-people","8":"tag-article-simple","9":"tag-divertissement","10":"tag-entertainment","11":"tag-fr","12":"tag-france","13":"tag-michael-youn","14":"tag-people","15":"tag-yout_video"},"share_on_mastodon":{"url":"https:\/\/pubeurope.com\/@fr\/115359229497952711","error":""},"_links":{"self":[{"href":"https:\/\/www.europesays.com\/fr\/wp-json\/wp\/v2\/posts\/456553","targetHints":{"allow":["GET"]}}],"collection":[{"href":"https:\/\/www.europesays.com\/fr\/wp-json\/wp\/v2\/posts"}],"about":[{"href":"https:\/\/www.europesays.com\/fr\/wp-json\/wp\/v2\/types\/post"}],"author":[{"embeddable":true,"href":"https:\/\/www.europesays.com\/fr\/wp-json\/wp\/v2\/users\/2"}],"replies":[{"embeddable":true,"href":"https:\/\/www.europesays.com\/fr\/wp-json\/wp\/v2\/comments?post=456553"}],"version-history":[{"count":0,"href":"https:\/\/www.europesays.com\/fr\/wp-json\/wp\/v2\/posts\/456553\/revisions"}],"wp:featuredmedia":[{"embeddable":true,"href":"https:\/\/www.europesays.com\/fr\/wp-json\/wp\/v2\/media\/456554"}],"wp:attachment":[{"href":"https:\/\/www.europesays.com\/fr\/wp-json\/wp\/v2\/media?parent=456553"}],"wp:term":[{"taxonomy":"category","embeddable":true,"href":"https:\/\/www.europesays.com\/fr\/wp-json\/wp\/v2\/categories?post=456553"},{"taxonomy":"post_tag","embeddable":true,"href":"https:\/\/www.europesays.com\/fr\/wp-json\/wp\/v2\/tags?post=456553"}],"curies":[{"name":"wp","href":"https:\/\/api.w.org\/{rel}","templated":true}]}}