{"id":456555,"date":"2025-10-12T04:08:37","date_gmt":"2025-10-12T04:08:37","guid":{"rendered":"https:\/\/www.europesays.com\/fr\/456555\/"},"modified":"2025-10-12T04:08:37","modified_gmt":"2025-10-12T04:08:37","slug":"sous-le-pinceau-deleonore-de-gentile-la-lumiere-du-beau","status":"publish","type":"post","link":"https:\/\/www.europesays.com\/fr\/456555\/","title":{"rendered":"Sous le pinceau d\u2019\u00c9l\u00e9onore de Gentile, la lumi\u00e8re du Beau"},"content":{"rendered":"<p>Artiste peintre, El\u00e9onore de Gentile partage ses \u0153uvres sur les r\u00e9seaux sociaux depuis 2021. Souhaitant mettre son art au service du Bien, la jeune femme s\u2019est lanc\u00e9e dans une aventure entrepreneuriale. Portrait d\u2019une artiste en qu\u00eate de Beau. <\/p>\n<p>\u00ab\u00a0Rappelle-moi que l\u2019ouvrage de ma main t\u2019appartient et qu\u2019il m\u2019appartient de Te le rendre en le donnant (&#8230;)\u00a0\u00bb, dit la <a href=\"https:\/\/bayeuxlisieux.catholique.fr\/wp-content\/uploads\/sites\/18\/2019\/12\/Priere-de-lartisan.pdf\" target=\"_blank\" rel=\"noopener\" title=\"\">Pri\u00e8re de l\u2019Artisan<\/a>. Depuis toute petite, <a href=\"https:\/\/www.instagram.com\/eleonore_degentile\/?hl=en\" target=\"_blank\" rel=\"noopener\" title=\"\">El\u00e9onore de Gentile<\/a>, 24 ans, est tr\u00e8s sensible \u00e0 la beaut\u00e9 qui l\u2019entoure. Originaire de Nantes, elle y d\u00e9couvre la peinture qui devient vite une passion. Elle choisit, apr\u00e8s son bac, de nourrir son amour et sa recherche du Beau en entrant en classe pr\u00e9paratoire litt\u00e9raire. L\u00e0, elle arr\u00eate de peindre. Mais en sortant de pr\u00e9pa, l\u2019envie de retrouver sa toile et son chevalet revient. En plein confinement, en 2020, la jeune femme d\u00e9cide de se lancer. \u00ab\u00a0Je n\u2019avais rien \u00e0 faire dans ma chambre de bonne, j\u2019ai repris mes affaires d\u2019aquarelle et j\u2019ai commenc\u00e9 \u00e0 peindre. J\u2019\u00e9tais si heureuse de retrouver mes pinceaux que je m\u2019y suis mise \u00e0 fond. Et j\u2019ai commenc\u00e9 \u00e0 poster mes toiles sur Instagram en parall\u00e8le de mes \u00e9tudes de communication.\u00a0\u00bb Petit \u00e0 petit, El\u00e9onore nourrit son compte sur les r\u00e9seaux sociaux et les commandes affluent. En septembre 2024, \u00e0 la fin de ses \u00e9tudes, la jeune artiste d\u00e9cide de se consacrer enti\u00e8rement \u00e0 la peinture et au d\u00e9veloppement de son site internet.\u00a0<\/p>\n<blockquote data-instgrm-permalink=\"https:\/\/www.instagram.com\/reel\/DMqCbRXs80U\/?utm_source=ig_web_copy_link&amp;igsh=MTl3c2l6eDNsZ3A5dQ==\" style=\"width:100%;border-width:0\" class=\"instagram-media\" data-instgrm-version=\"2\"\/>\n<p>Aujourd\u2019hui install\u00e9e sous le soleil toulonnais, El\u00e9onore a d\u00e9j\u00e0 vendu une quarantaine de toiles faisant partie de collections et a re\u00e7u vingt commandes sp\u00e9cifiques. Elle est seule \u00e0 g\u00e9rer son activit\u00e9 entrepreneuriale au quotidien et cela repr\u00e9sente beaucoup de travail. \u00ab\u00a0Il faut construire son audience, essayer d\u2019\u00eatre cr\u00e9dible par rapport aux clients, avoir une vraie pr\u00e9sence sur les r\u00e9seaux sociaux\u2026\u00a0\u00bb Pour la jeune peintre, l\u2019aspect commercial de son travail doit cependant rester secondaire par rapport \u00e0 la peinture : \u00ab\u00a0Mon id\u00e9e est d\u2019\u00eatre artiste avant toute chose et de mettre la communication au service de mon art.\u00a0\u00bb Pour l\u2019aider dans son projet, El\u00e9onore peut compter sur son rendez-vous avec le Christ qu\u2019elle retrouve chaque matin dans l\u2019Adoration eucharistique. \u00ab\u00a0\u00c7a change ma vie. Je confie ma journ\u00e9e et tout ce que je cr\u00e9e \u00e0 J\u00e9sus.\u00a0\u00bb<\/p>\n<p><img alt=\"\" loading=\"lazy\" width=\"1440\" height=\"2160\" decoding=\"async\" data-nimg=\"1\" class=\"ImageBlock_image__Y5gng\" style=\"color:transparent\"   src=\"https:\/\/www.europesays.com\/fr\/wp-content\/uploads\/2025\/10\/Provence.jpg\"\/><\/p>\n<p>El\u00e9onore de Gentile<\/p>\n<p>Peindre la lumi\u00e8re<\/p>\n<p>A Toulon, El\u00e9onore a trouv\u00e9 les paysages et les ambiances qui l\u2019inspirent. \u00ab\u00a0En Provence, il y a une lumi\u00e8re particuli\u00e8re, tr\u00e8s belle. Elle nourrit mes tableaux de ses couleurs chatoyantes et de beaucoup de joie.\u00a0\u00bb Pour sa <a href=\"https:\/\/www.atelier-gentile.com\/collections\/provence\" target=\"_blank\" rel=\"noopener\" title=\"\">troisi\u00e8me collection<\/a>, la jeune artiste est \u00e9clair\u00e9e par l&rsquo;\u0153uvre du peintre espagnol <a href=\"https:\/\/es.aleteia.org\/2019\/03\/24\/sorolla-y-su-mujer-la-pareja-10\/\" target=\"_blank\" rel=\"noopener\" title=\"\">Joaqu\u00ecn Sorolla<\/a> (1863-1923), connu pour ses sc\u00e8nes baign\u00e9es de lumi\u00e8re m\u00e9diterran\u00e9enne. Entre march\u00e9s aux fleurs, b\u00e2tisses ocres et arcades de la vieille ville toulonnaise, les toiles d\u2019El\u00e9onore refl\u00e8tent la vie calme et ensoleill\u00e9e du Midi.\u00a0<\/p>\n<p>Sa <a href=\"https:\/\/www.atelier-gentile.com\/collections\/marine\" target=\"_blank\" rel=\"noopener\" title=\"\">cinqui\u00e8me collection<\/a> raconte une toute autre histoire. Baptis\u00e9e \u00ab\u00a0Marine\u00a0\u00bb, elle prend ses sources dans une <a href=\"https:\/\/www.instagram.com\/p\/DLSi2_KITmq\/?hl=en\" target=\"_blank\" rel=\"noopener\" title=\"\">visite du porte-avions Charles de Gaulle<\/a>. \u00ab\u00a0En janvier dernier, j\u2019ai visit\u00e9 ce fleuron de la Marine fran\u00e7aise et je me suis dit qu\u2019il s\u2019y vivait des aventures humaines, politiques, \u00e9conomiques exceptionnelles, au-del\u00e0 des paysages magnifiques qu\u2019il traverse.\u00a0\u00bb Lors de cette excursion, El\u00e9onore prend connaissance du <a href=\"https:\/\/peintreofficieldelamarine.fr\/\" target=\"_blank\" rel=\"noopener\" title=\"\">Concours des peintres officiels de la Marine<\/a>, qui permet de donner une reconnaissance particuli\u00e8re \u00e0 certains peintres sp\u00e9cialis\u00e9s dans les sujets marins. Elle se lance alors dans la r\u00e9alisation d\u2019une trentaine de toiles. \u00ab\u00a0En peignant la mer, je me suis rendue compte \u00e0 quel point j\u2019aimais cela, \u00e0 quel point le travail de la lumi\u00e8re sur l\u2019eau me captivait. Il y a un jeu de contrastes tr\u00e8s fort entre la structure du bateau et la fluidit\u00e9 de l\u2019eau. C\u2019est passionnant.\u00a0\u00bb<\/p>\n<p><img alt=\"\" loading=\"lazy\" width=\"1536\" height=\"2304\" decoding=\"async\" data-nimg=\"1\" class=\"ImageBlock_image__Y5gng\" style=\"color:transparent\"   src=\"https:\/\/www.europesays.com\/fr\/wp-content\/uploads\/2025\/10\/Eleonore-tableaux-marins-rotated.jpg\"\/><\/p>\n<p>El\u00e9onore de Gentile<\/p>\n<p><img alt=\"\" loading=\"lazy\" width=\"5673\" height=\"3782\" decoding=\"async\" data-nimg=\"1\" class=\"ImageBlock_image__Y5gng\" style=\"color:transparent\"   src=\"https:\/\/www.europesays.com\/fr\/wp-content\/uploads\/2025\/10\/Eleonore-close-up.jpg\"\/><\/p>\n<p>El\u00e9onore de Gentile<\/p>\n<p>\u00ab\u00a0Beaucoup de gr\u00e2ces\u00a0\u00bb<\/p>\n<p>Dans son travail quotidien d\u2019artiste peintre, El\u00e9onore veut \u0153uvrer pour le Beau et le Bien. \u00ab\u00a0Si une lumi\u00e8re, une douceur, une forme de joie se d\u00e9gagent de mes toiles et que \u00e7a peut faire du bien \u00e0 celui qui regarde ma peinture, alors j\u2019ai l\u2019impression d\u2019apporter ma petite pierre \u00e0 l\u2019\u00e9difice de la soci\u00e9t\u00e9, ma pierre \u00e0 moi.\u00a0\u00bb Certaine que l\u2019art a un sens pour le monde et qu\u2019il nourrit l\u2019\u00e2me, la jeune peintre se r\u00e9f\u00e8re souvent \u00e0 la <a href=\"https:\/\/www.vatican.va\/content\/john-paul-ii\/fr\/letters\/1999\/documents\/hf_jp-ii_let_23041999_artists.html\" target=\"_blank\" rel=\"noopener\" title=\"\">Lettre aux artistes de saint Jean Paul II<\/a>. Elle en retient particuli\u00e8rement ce passage qui la touche : \u00ab\u00a0Celui qui per\u00e7oit en lui-m\u00eame cette sorte d&rsquo;\u00e9tincelle divine qu&rsquo;est la vocation artistique (&#8230;) per\u00e7oit en m\u00eame temps le devoir de ne pas gaspiller ce talent, mais de le d\u00e9velopper pour le mettre au service du prochain et de toute l&rsquo;humanit\u00e9.\u00a0\u00bb\u00a0 Consciente que le m\u00e9tier de peintre n\u2019est pas simple financi\u00e8rement, El\u00e9onore voit aussi la peinture comme une forme d\u2019abandon \u00e0 la Providence. Elle se r\u00e9jouit de la mani\u00e8re dont le Ciel l\u2019a conduite jusqu\u2019ici. \u00ab\u00a0J\u2019ai l\u2019impression d\u2019avoir \u00e9t\u00e9 guid\u00e9e de mani\u00e8re providentielle vers ce que je fais, petit \u00e0 petit, sans grands \u00e9clats. Il y a du travail de mon c\u00f4t\u00e9 mais il y a aussi beaucoup de gr\u00e2ces.\u00a0\u00bb<\/p>\n<p>Cette Gr\u00e2ce particuli\u00e8re, on la retrouve dans les tableaux religieux peints par El\u00e9onore. Sa toile \u00ab\u00a0J\u00e9sus frappe \u00e0 la porte\u00a0\u00bb en est l\u2019un des plus beaux exemples. R\u00e9alis\u00e9e pour le faire-part d\u2019ordination diaconale d\u2019un s\u00e9minariste toulonnais converti par cette Parole du Christ dans l\u2019Apocalypse, \u00ab\u00a0Voici, je me tiens \u00e0 la porte, et je frappe\u00a0\u00bb (<a href=\"https:\/\/www.aelf.org\/bible\/Ap\/3\" target=\"_blank\" rel=\"noopener\" title=\"\">Ap 3,20<\/a>), ce tableau a aussi beaucoup marqu\u00e9 El\u00e9onore. \u00ab\u00a0Cette commande a eu lieu au moment difficile o\u00f9 je me lan\u00e7ais dans cette aventure, elle m\u2019a permis de confier mon parcours au Seigneur !\u00a0\u00bb<\/p>\n<p><img alt=\"\" loading=\"lazy\" width=\"2474\" height=\"1744\" decoding=\"async\" data-nimg=\"1\" class=\"ImageBlock_image__Y5gng\" style=\"color:transparent\"   src=\"https:\/\/www.europesays.com\/fr\/wp-content\/uploads\/2025\/10\/Jesus-frappe-a-la-porte.jpg\"\/><\/p>\n<p>El\u00e9onore de Gentile<\/p>\n<p>Pratique\u00a0<\/p>\n<p>Exposition du 1er au 10 d\u00e9cembre \u00e0 la Mairie du 7e arrondissement, 75007, Paris<\/p>\n<p><img alt=\"Sainte Th\u00e9r\u00e8se de Lisieux sous le regard des peintres\" loading=\"lazy\" width=\"150\" height=\"75\" decoding=\"async\" data-nimg=\"1\" class=\"ReadAlso_image__4jOEF\" style=\"color:transparent\"   src=\"https:\/\/www.europesays.com\/fr\/wp-content\/uploads\/2025\/10\/TERESE-ART-2023-02-14T180215.859.jpg\"\/><img alt=\"Fra Angelico, ce peintre bienheureux qui ne retouchait jamais ses \u0153uvres\" loading=\"lazy\" width=\"150\" height=\"75\" decoding=\"async\" data-nimg=\"1\" class=\"ReadAlso_image__4jOEF\" style=\"color:transparent\"   src=\"https:\/\/www.europesays.com\/fr\/wp-content\/uploads\/2025\/10\/MADONE-DES-OMBRES-FRA-ANGELICO-JESUS-CHILD054_LR1000108.jpg\"\/><img alt=\"Jean-Georges Corn\u00e9lius, un peintre ami du Christ\" loading=\"lazy\" width=\"150\" height=\"75\" decoding=\"async\" data-nimg=\"1\" class=\"ReadAlso_image__4jOEF\" style=\"color:transparent\"   src=\"https:\/\/www.europesays.com\/fr\/wp-content\/uploads\/2025\/10\/JEAN-GEORGES-CORNELIUS-aurimages_0046186_2561.jpg\"\/><script async src=\"\/\/www.instagram.com\/embed.js\"><\/script><\/p>\n","protected":false},"excerpt":{"rendered":"Artiste peintre, El\u00e9onore de Gentile partage ses \u0153uvres sur les r\u00e9seaux sociaux depuis 2021. Souhaitant mettre son art&hellip;\n","protected":false},"author":2,"featured_media":456556,"comment_status":"","ping_status":"","sticky":false,"template":"","format":"standard","meta":{"footnotes":""},"categories":[1358],"tags":[1348,1384,1385,1386,58,59,1011,27],"class_list":{"0":"post-456555","1":"post","2":"type-post","3":"status-publish","4":"format-standard","5":"has-post-thumbnail","7":"category-arts-et-design","8":"tag-arts","9":"tag-arts-and-design","10":"tag-arts-et-design","11":"tag-design","12":"tag-divertissement","13":"tag-entertainment","14":"tag-fr","15":"tag-france"},"share_on_mastodon":{"url":"https:\/\/pubeurope.com\/@fr\/115359233672207937","error":""},"_links":{"self":[{"href":"https:\/\/www.europesays.com\/fr\/wp-json\/wp\/v2\/posts\/456555","targetHints":{"allow":["GET"]}}],"collection":[{"href":"https:\/\/www.europesays.com\/fr\/wp-json\/wp\/v2\/posts"}],"about":[{"href":"https:\/\/www.europesays.com\/fr\/wp-json\/wp\/v2\/types\/post"}],"author":[{"embeddable":true,"href":"https:\/\/www.europesays.com\/fr\/wp-json\/wp\/v2\/users\/2"}],"replies":[{"embeddable":true,"href":"https:\/\/www.europesays.com\/fr\/wp-json\/wp\/v2\/comments?post=456555"}],"version-history":[{"count":0,"href":"https:\/\/www.europesays.com\/fr\/wp-json\/wp\/v2\/posts\/456555\/revisions"}],"wp:featuredmedia":[{"embeddable":true,"href":"https:\/\/www.europesays.com\/fr\/wp-json\/wp\/v2\/media\/456556"}],"wp:attachment":[{"href":"https:\/\/www.europesays.com\/fr\/wp-json\/wp\/v2\/media?parent=456555"}],"wp:term":[{"taxonomy":"category","embeddable":true,"href":"https:\/\/www.europesays.com\/fr\/wp-json\/wp\/v2\/categories?post=456555"},{"taxonomy":"post_tag","embeddable":true,"href":"https:\/\/www.europesays.com\/fr\/wp-json\/wp\/v2\/tags?post=456555"}],"curies":[{"name":"wp","href":"https:\/\/api.w.org\/{rel}","templated":true}]}}