{"id":456557,"date":"2025-10-12T04:09:10","date_gmt":"2025-10-12T04:09:10","guid":{"rendered":"https:\/\/www.europesays.com\/fr\/456557\/"},"modified":"2025-10-12T04:09:10","modified_gmt":"2025-10-12T04:09:10","slug":"avec-illuminee-audrey-dana-entre-mort-et-renaissance","status":"publish","type":"post","link":"https:\/\/www.europesays.com\/fr\/456557\/","title":{"rendered":"Avec \u00ab\u00a0Illumin\u00e9e\u00a0\u00bb, Audrey Dana entre mort et renaissance"},"content":{"rendered":"<p>Audrey Dana sort son nouveau livre, \u00ab\u00a0Illumin\u00e9e\u00a0\u00bb (\u00e9d. JC Latt\u00e8s). Nous \u00e9tions avec elle lors d\u2019une s\u00e9ance de d\u00e9dicaces au restaurant Lap\u00e9rouse<\/p>\n<p>Elle ne fume plus. Pas depuis longtemps. Pour autant, pas de sautes d\u2019humeur ou d\u2019agacement quelconque \u00e0 signaler. Au contraire. D\u2019une nature ultra-positive inh\u00e9rente aux r\u00e9silientes (lire l\u2019interview qu\u2019elle a accord\u00e9e \u00e0 Paris Match il y a un an), Audrey Dana irradiait de bonheur mercredi dernier au restaurant Lap\u00e9rouse (Paris VIe). Non qu\u2019elle s\u2019y r\u00e9galait du fameux croque royal truff\u00e9 ou de la timbale de rigatonis au caviar (classiques de la carte de cette \u00ab\u00a0maison de plaisirs\u00a0\u00bb), mais elle y signait son nouveau livre, \u00ab\u00a0Illumin\u00e9e\u00a0\u00bb (\u00e9d. JC Latt\u00e8s) &#8211; car le lieu est aussi un rendez-vous litt\u00e9raire, pour preuve Fr\u00e9d\u00e9ric Beigbeder qui y anime une interview hebdomadaire. Bref.<\/p>\n<p>Audrey Dana a \u00e9crit un roman aussi intrigant que peu banal. La singuli\u00e8re histoire d\u2019Alice, quadrag\u00e9naire et m\u00e8re c\u00e9libataire, quatre enfants sur les bras, trois ex sur les c\u00f4tes et pas un mec dans son lit. Afin de changer ce dernier \u00e9tat de fait, elle se laisse convaincre pour un rendez-vous pris sur une appli. Jusque-l\u00e0, rien de tr\u00e8s original. C\u2019est \u00e0 la page\u00a028 que tout bascule. Un choc anaphylactique (elle est allergique aux cacahu\u00e8tes) l\u2019envoie ad patres. Elle meurt, oui. Page\u00a034, apr\u00e8s quarante minutes de mort clinique, elle ressuscite. On n\u2019en dira pas plus sur ce qui se d\u00e9roule et ce qu\u2019elle \u00ab\u00a0vit\u00a0\u00bb pendant ce laps de temps que sur les cons\u00e9quences et changements int\u00e9rieurs de ce retour sur Terre, mais on vous garantit sur facture un r\u00e9cit o\u00f9 l\u2019existentialisme, la philosophie et l\u2019humour font tr\u00e8s bon m\u00e9nage.<\/p>\n<p>    La suite apr\u00e8s cette publicit\u00e9<\/p>\n<p>On peut aussi s\u2019amuser \u00e0 d\u00e9celer entre les lignes l\u2019intimit\u00e9 de la com\u00e9dienne, laquelle en profite pour r\u00e9gler quelques comptes tout en exprimant le fond de sa pens\u00e9e, le tout sans une once d\u2019acrimonie. Et pour cause\u00a0: l\u2019auteure privil\u00e9gie l\u2019autod\u00e9rision et oblige son personnage \u00e0 une profonde remise en question dont la cl\u00e9 se trouve dans son nom de famille\u00a0: Barr\u00e9. Pas de conclusion h\u00e2tive\u00a0: le patronyme ne signifie pas forc\u00e9ment ce que l\u2019on croit &#8211; la solution se trouve dans les derni\u00e8res pages.<\/p>\n<p>    La suite apr\u00e8s cette publicit\u00e9<\/p>\n<p>Maintenant, on ne va pas se mentir, c\u2019est vrai qu\u2019Audrey Dana semble venir d\u2019une autre plan\u00e8te tant elle para\u00eet sans filtre. Bienveillante, \u00e0 l\u2019\u00e9coute, sinc\u00e8rement concern\u00e9e par l\u2019autre, \u00e0 l\u2019aff\u00fbt de joies et soucis de chacun\u2026 Pas \u00e9tonnant que tant d\u2019amis se soient d\u00e9plac\u00e9s pour acheter son livre ce soir-l\u00e0. Elle-m\u00eame n\u2019en revient pas de cette foule compacte de visages familiers se pressant devant sa table avec l\u2019ouvrage \u00e0 la main. No\u00e9mie Merlant, Reem Kherici, Vahina Giocante, Michael Gregorio, St\u00e9phane de Groodt, Sandra Sisley\u2026 Ce soir-l\u00e0, l\u2019auteure a d\u00e9dicac\u00e9 200 ouvrages en trois heures, prenant le temps de parler avec tout le monde, d\u2019embrasser, d\u2019enlacer, de rigoler, comme anim\u00e9e par une surdose de dopamine &#8211; qu\u2019elle semble g\u00e9n\u00e9rer non-stop. Son secret\u00a0? Il se trouve dans le roman, justement. C\u2019est m\u00eame sa raison d\u2019\u00eatre.<\/p>\n","protected":false},"excerpt":{"rendered":"Audrey Dana sort son nouveau livre, \u00ab\u00a0Illumin\u00e9e\u00a0\u00bb (\u00e9d. JC Latt\u00e8s). Nous \u00e9tions avec elle lors d\u2019une s\u00e9ance de&hellip;\n","protected":false},"author":2,"featured_media":456558,"comment_status":"","ping_status":"","sticky":false,"template":"","format":"standard","meta":{"footnotes":""},"categories":[1357],"tags":[1379,58,59,1011,27,1380],"class_list":{"0":"post-456557","1":"post","2":"type-post","3":"status-publish","4":"format-standard","5":"has-post-thumbnail","7":"category-livres","8":"tag-books","9":"tag-divertissement","10":"tag-entertainment","11":"tag-fr","12":"tag-france","13":"tag-livres"},"share_on_mastodon":{"url":"https:\/\/pubeurope.com\/@fr\/115359237373027548","error":""},"_links":{"self":[{"href":"https:\/\/www.europesays.com\/fr\/wp-json\/wp\/v2\/posts\/456557","targetHints":{"allow":["GET"]}}],"collection":[{"href":"https:\/\/www.europesays.com\/fr\/wp-json\/wp\/v2\/posts"}],"about":[{"href":"https:\/\/www.europesays.com\/fr\/wp-json\/wp\/v2\/types\/post"}],"author":[{"embeddable":true,"href":"https:\/\/www.europesays.com\/fr\/wp-json\/wp\/v2\/users\/2"}],"replies":[{"embeddable":true,"href":"https:\/\/www.europesays.com\/fr\/wp-json\/wp\/v2\/comments?post=456557"}],"version-history":[{"count":0,"href":"https:\/\/www.europesays.com\/fr\/wp-json\/wp\/v2\/posts\/456557\/revisions"}],"wp:featuredmedia":[{"embeddable":true,"href":"https:\/\/www.europesays.com\/fr\/wp-json\/wp\/v2\/media\/456558"}],"wp:attachment":[{"href":"https:\/\/www.europesays.com\/fr\/wp-json\/wp\/v2\/media?parent=456557"}],"wp:term":[{"taxonomy":"category","embeddable":true,"href":"https:\/\/www.europesays.com\/fr\/wp-json\/wp\/v2\/categories?post=456557"},{"taxonomy":"post_tag","embeddable":true,"href":"https:\/\/www.europesays.com\/fr\/wp-json\/wp\/v2\/tags?post=456557"}],"curies":[{"name":"wp","href":"https:\/\/api.w.org\/{rel}","templated":true}]}}