{"id":456578,"date":"2025-10-12T04:21:12","date_gmt":"2025-10-12T04:21:12","guid":{"rendered":"https:\/\/www.europesays.com\/fr\/456578\/"},"modified":"2025-10-12T04:21:12","modified_gmt":"2025-10-12T04:21:12","slug":"la-derniere-seance-de-gael-perdriau","status":"publish","type":"post","link":"https:\/\/www.europesays.com\/fr\/456578\/","title":{"rendered":"la derni\u00e8re s\u00e9ance de Ga\u00ebl Perdriau\u202f?"},"content":{"rendered":"<p>Lorsque l\u2019affaire du pr\u00e9sum\u00e9 chantage \u00e0 la mairie de Saint-\u00c9tienne a \u00e9clat\u00e9 fin ao\u00fbt\u00a02022, <a href=\"https:\/\/www.leprogres.fr\/p\/gael-perdriau\" target=\"_blank\" rel=\"noopener\">Ga\u00ebl Perdriau<\/a> est rest\u00e9 maire. Lorsqu\u2019il a \u00e9t\u00e9 mis en examen en avril\u00a02023, il est rest\u00e9 maire. Lorsque la procureure de la R\u00e9publique a requis cinq ans de prison dont trois ans ferme le 29\u00a0octobre 2025, il est rest\u00e9 maire.<\/p>\n<p>Ga\u00ebl Perdriau, qui clame son innocence, est constant. Lundi 13\u00a0octobre, il sera devant les \u00e9lus du conseil municipal comme il l\u2019a toujours \u00e9t\u00e9. \u00ab\u00a0\u00c0 moins qu\u2019il se casse une jambe\u2026\u00a0\u00bb, nous a fait savoir le service presse de la mairie, <a href=\"https:\/\/www.leprogres.fr\/economie\/2025\/10\/09\/les-travaux-demarrent-a-quoi-ressembleront-les-futures-halles-mazerat-de-la-commune\" target=\"_blank\" rel=\"noopener\">en marge du point presse aux Halles Mazerat<\/a>.<\/p>\n<p>\u00ab\u00a0Je vous confie ma parole, ma dignit\u00e9 et mon avenir\u00a0\u00bb<\/p>\n<p>Ce conseil, qui intervient douze jours apr\u00e8s la fin du proc\u00e8s, sera \u00e0 haut risque tant le maire de Saint-\u00c9tienne est attendu par ses opposants. Mais, comme \u00e0 son habitude, il fera face.<\/p>\n<p><strong>&gt;&gt;\u00a0<a href=\"https:\/\/www.leprogres.fr\/faits-divers-justice\/2025\/09\/30\/5-ans-de-prison-requis-contre-gael-perdriau-les-elus-stephanois-ont-hate-de-savoir-enfin\" target=\"_blank\" rel=\"noopener\">5 ans de prison requis contre Ga\u00ebl Perdriau : les&#8230;<\/a><\/strong><\/p>\n","protected":false},"excerpt":{"rendered":"Lorsque l\u2019affaire du pr\u00e9sum\u00e9 chantage \u00e0 la mairie de Saint-\u00c9tienne a \u00e9clat\u00e9 fin ao\u00fbt\u00a02022, Ga\u00ebl Perdriau est rest\u00e9&hellip;\n","protected":false},"author":2,"featured_media":456579,"comment_status":"","ping_status":"","sticky":false,"template":"","format":"standard","meta":{"footnotes":""},"categories":[9653],"tags":[1111,11,42797,2430,1984,7539,1777,674,107,1011,27,3367,12,316,25,4001,7538],"class_list":{"0":"post-456578","1":"post","2":"type-post","3":"status-publish","4":"format-standard","5":"has-post-thumbnail","7":"category-saint-etienne","8":"tag-actu","9":"tag-actualites","10":"tag-affaire-perdriau","11":"tag-auvergne-rhone-alpes","12":"tag-conseil-municipal","13":"tag-edition-loire-sud","14":"tag-eu","15":"tag-europe","16":"tag-fil-info","17":"tag-fr","18":"tag-france","19":"tag-loire","20":"tag-news","21":"tag-politique","22":"tag-republique-francaise","23":"tag-saint-etienne","24":"tag-saint-etienne-ville"},"share_on_mastodon":{"url":"https:\/\/pubeurope.com\/@fr\/115359284194447877","error":""},"_links":{"self":[{"href":"https:\/\/www.europesays.com\/fr\/wp-json\/wp\/v2\/posts\/456578","targetHints":{"allow":["GET"]}}],"collection":[{"href":"https:\/\/www.europesays.com\/fr\/wp-json\/wp\/v2\/posts"}],"about":[{"href":"https:\/\/www.europesays.com\/fr\/wp-json\/wp\/v2\/types\/post"}],"author":[{"embeddable":true,"href":"https:\/\/www.europesays.com\/fr\/wp-json\/wp\/v2\/users\/2"}],"replies":[{"embeddable":true,"href":"https:\/\/www.europesays.com\/fr\/wp-json\/wp\/v2\/comments?post=456578"}],"version-history":[{"count":0,"href":"https:\/\/www.europesays.com\/fr\/wp-json\/wp\/v2\/posts\/456578\/revisions"}],"wp:featuredmedia":[{"embeddable":true,"href":"https:\/\/www.europesays.com\/fr\/wp-json\/wp\/v2\/media\/456579"}],"wp:attachment":[{"href":"https:\/\/www.europesays.com\/fr\/wp-json\/wp\/v2\/media?parent=456578"}],"wp:term":[{"taxonomy":"category","embeddable":true,"href":"https:\/\/www.europesays.com\/fr\/wp-json\/wp\/v2\/categories?post=456578"},{"taxonomy":"post_tag","embeddable":true,"href":"https:\/\/www.europesays.com\/fr\/wp-json\/wp\/v2\/tags?post=456578"}],"curies":[{"name":"wp","href":"https:\/\/api.w.org\/{rel}","templated":true}]}}