{"id":456584,"date":"2025-10-12T04:25:49","date_gmt":"2025-10-12T04:25:49","guid":{"rendered":"https:\/\/www.europesays.com\/fr\/456584\/"},"modified":"2025-10-12T04:25:49","modified_gmt":"2025-10-12T04:25:49","slug":"nancy-seichamps-se-deplace-a-pontarlier-pour-capitaliser","status":"publish","type":"post","link":"https:\/\/www.europesays.com\/fr\/456584\/","title":{"rendered":"Nancy-Seichamps se d\u00e9place \u00e0 Pontarlier pour capitaliser"},"content":{"rendered":"<p>   Pontarlier &#8211; Nancy-Seichamps Ce dimanche, 15h15 <\/p>\n<p>Apr\u00e8s avoir d\u00e9croch\u00e9 sa premi\u00e8re victoire de la saison, ce dimanche, <a href=\"https:\/\/www.estrepublicain.fr\/sport\/2025\/10\/05\/nancy-seichamps-s-offre-le-leader-pour-sa-premiere-victoire-de-la-saison\" target=\"_blank\" rel=\"noopener\">face \u00e0 Illkirch (10-7)<\/a> , le NSR veut capitaliser sur ce succ\u00e8s pour \u00e9viter que ce soit un feu de paille. En revanche, \u00e0 Pontarlier, actuel premier de la poule 2, cela risque d\u2019\u00eatre ardu. Les Francs-comtois surfent en effet sur une s\u00e9rie de trois succ\u00e8s en autant de rencontres m\u00eame si le duo Baptiste Frangne\/Geoffrey Philippe a d\u00fb op\u00e9rer quelques ajustements apr\u00e8s la suspension d\u2019Arthur Laurent (demi de m\u00eal\u00e9e) qui a \u00e9cop\u00e9 d\u2019un carton rouge de dimanche dernier. Ainsi Nathan Simard, plut\u00f4t \u00e0 l\u2019ouverture, d\u00e9calera en 9.<\/p>\n<p>Ce contenu est bloqu\u00e9 car vous n&rsquo;avez pas accept\u00e9 les cookies et autres traceurs.<\/p>\n<p>En cliquant sur \u00ab J\u2019accepte \u00bb, les cookies et autres traceurs seront d\u00e9pos\u00e9s et vous pourrez visualiser les contenus  (<a href=\"\" class=\"consentModule_policy\" target=\"_blank\" title=\"Consulter la politique de protection des donn\u00e9es du fournisseur\">plus d&rsquo;informations<\/a>).<\/p>\n<p>En cliquant sur \u00ab J\u2019accepte tous les cookies \u00bb, vous autorisez des d\u00e9p\u00f4ts de cookies et autres traceurs pour le stockage de vos donn\u00e9es sur nos sites et applications \u00e0 des fins de personnalisation et de ciblage publicitaire.<\/p>\n<p class=\"consentModule_secondaryText\">Vous gardez la possibilit\u00e9 de retirer votre consentement \u00e0 tout moment en consultant notre <a href=\"https:\/\/www.estrepublicain.fr\/protection-des-donnees\" target=\"_blank\" title=\"Consulter notre politique de protection des donn\u00e9es\" rel=\"noopener\">politique de protection des donn\u00e9es<\/a>. <br \/>&#13;<br \/>\n            <a href=\"https:\/\/www.estrepublicain.fr\/sport\/2025\/10\/11\/javascript:Didomi.notice.show()\" class=\"consentModule_cmp\" target=\"_blank\" rel=\"noopener\">G\u00e9rer mes choix<\/a>&#13;\n        <\/p>\n<p>&#13;<br \/>\n                        J&rsquo;accepte&#13;<br \/>\n            J&rsquo;accepte tous les cookies&#13;\n        <\/p>\n<p class=\"note\">Le groupe\u00a0: Reinness, Babault, Thouvignon &#8211; Depernet, Hevin &#8211; Houillon, Koch, Mol\u00e9 &#8211; Simard, Fourrey &#8211; Speletz (cap.), Castel, Huguenin, Badaire, Hermann. Les rempla\u00e7ants\u00a0: Charton, Buttner, Rubi, Castel, Vuvan, Jacquot<\/p>\n","protected":false},"excerpt":{"rendered":"Pontarlier &#8211; Nancy-Seichamps Ce dimanche, 15h15 Apr\u00e8s avoir d\u00e9croch\u00e9 sa premi\u00e8re victoire de la saison, ce dimanche, face&hellip;\n","protected":false},"author":2,"featured_media":456585,"comment_status":"","ping_status":"","sticky":false,"template":"","format":"standard","meta":{"footnotes":""},"categories":[9635],"tags":[1111,11,1704,1777,674,1011,27,775,1702,1703,12,25,479,517,1700],"class_list":{"0":"post-456584","1":"post","2":"type-post","3":"status-publish","4":"format-standard","5":"has-post-thumbnail","7":"category-nancy","8":"tag-actu","9":"tag-actualites","10":"tag-edition-nancy-et-agglomeration","11":"tag-eu","12":"tag-europe","13":"tag-fr","14":"tag-france","15":"tag-grand-est","16":"tag-nancy","17":"tag-nancy-ville-54b","18":"tag-news","19":"tag-republique-francaise","20":"tag-rugby","21":"tag-sport","22":"tag-sport-lorrain"},"share_on_mastodon":{"url":"https:\/\/pubeurope.com\/@fr\/115359303781991117","error":""},"_links":{"self":[{"href":"https:\/\/www.europesays.com\/fr\/wp-json\/wp\/v2\/posts\/456584","targetHints":{"allow":["GET"]}}],"collection":[{"href":"https:\/\/www.europesays.com\/fr\/wp-json\/wp\/v2\/posts"}],"about":[{"href":"https:\/\/www.europesays.com\/fr\/wp-json\/wp\/v2\/types\/post"}],"author":[{"embeddable":true,"href":"https:\/\/www.europesays.com\/fr\/wp-json\/wp\/v2\/users\/2"}],"replies":[{"embeddable":true,"href":"https:\/\/www.europesays.com\/fr\/wp-json\/wp\/v2\/comments?post=456584"}],"version-history":[{"count":0,"href":"https:\/\/www.europesays.com\/fr\/wp-json\/wp\/v2\/posts\/456584\/revisions"}],"wp:featuredmedia":[{"embeddable":true,"href":"https:\/\/www.europesays.com\/fr\/wp-json\/wp\/v2\/media\/456585"}],"wp:attachment":[{"href":"https:\/\/www.europesays.com\/fr\/wp-json\/wp\/v2\/media?parent=456584"}],"wp:term":[{"taxonomy":"category","embeddable":true,"href":"https:\/\/www.europesays.com\/fr\/wp-json\/wp\/v2\/categories?post=456584"},{"taxonomy":"post_tag","embeddable":true,"href":"https:\/\/www.europesays.com\/fr\/wp-json\/wp\/v2\/tags?post=456584"}],"curies":[{"name":"wp","href":"https:\/\/api.w.org\/{rel}","templated":true}]}}